{"id":112362,"date":"2017-05-02T00:09:39","date_gmt":"2017-05-02T03:09:39","guid":{"rendered":"https:\/\/www.redenoticia.com.br\/noticia\/?p=112362"},"modified":"2017-05-01T20:51:44","modified_gmt":"2017-05-01T23:51:44","slug":"cursos-sobre-a-historia-do-cinema-gratuitos-em-sp","status":"publish","type":"post","link":"https:\/\/migracao.redenoticia.com.br\/noticia\/2017\/cursos-sobre-a-historia-do-cinema-gratuitos-em-sp\/112362","title":{"rendered":"Cursos sobre a hist\u00f3ria do cinema gratuitos em SP"},"content":{"rendered":"<p> Para os amantes de cinema uma boa novidade. A Casa Guilherme de Almeida oferecer\u00e1 dois cursos, em maio e em junho. As abordagens ser\u00e3o sobre a <em><strong>hist\u00f3ria da s\u00e9tima arte<\/strong><\/em>, e ter\u00e1 a participa\u00e7\u00e3o dos cr\u00edticos Alfredo Sternheim e Daniel Fontana. As atividades s\u00e3o gratuitas e as inscri\u00e7\u00f5es s\u00e3o feitas no site da institui\u00e7\u00e3o <\/p>\n<p>Hist\u00f3ria do cinema \u2013 Ciclo X<\/p>\n<p>Musical estuda o g\u00eanero que consagrou o momento em que o cinema se tornou sonoro com O cantor de jazz. Os encontros falam sobre a evolu\u00e7\u00e3o do musical nas telas. S\u00e3o cria\u00e7\u00f5es marcantes de Hollywood, desde Broadway melodie at\u00e9 La La Land, fen\u00f4meno mundial lan\u00e7ado em 2016. A atividade ser\u00e1 ministrada pelo cr\u00edtico Alfredo Sternheim, nos dias 3 e 24 de maio, das 19h \u00e0s 21h.<\/p>\n<p>Hist\u00f3ria do cinema \u2013 Ciclo XI<\/p>\n<p>A nova Hollywood fica por conta do cr\u00edtico Daniel Fontana. O cr\u00edtico explora as mudan\u00e7as de paradigma na grande ind\u00fastria cinematogr\u00e1fica a partir da segunda metade da d\u00e9cada de 1960. Por meio da an\u00e1lise do momento sociopol\u00edtico vivido neste per\u00edodo, Fontana aborda as mudan\u00e7as na rela\u00e7\u00e3o entre p\u00fablico e filmes. Os encontros acontecem nas quartas-feiras, entre os dias 7 e 28 de junho, sempre das 19h \u00e0s 21h.<\/p>\n<p>Alfredo Sternheim \u00e9 cineasta e cr\u00edtico de cinema. Escreveu para importantes ve\u00edculos como O Estado de S. Paulo. Como cineasta, foi um dos mais representativos durante o ciclo da Boca do Lixo, com filmes como Paix\u00e3o na Praia (1971), Anjo loiro (1973) e Pureza proibida (1974).<\/p>\n<p>Daniel Fontana \u00e9 designer, com habilita\u00e7\u00e3o em Programa\u00e7\u00e3o Visual, formado pelo Mackenzie. J\u00e1 atuou com design de impressos, edi\u00e7\u00e3o de v\u00eddeo e ilustra\u00e7\u00e3o. Cr\u00edtico de Cinema e de HQ, \u00e9 s\u00f3cio-fundador e editor do site Formiga El\u00e9trica, que cobre o universo da cultura pop, incluindo s\u00e9ries e livros.<\/p>\n<p>SERVI\u00c7O:<\/p>\n<p>Hist\u00f3ria do cinema \u2013 Ciclo X: O musical e sua evolu\u00e7\u00e3o<\/p>\n<p>Quando: De 3 a 24 de maio, quartas, das 19h \u00e0s 21h<\/p>\n<p>Onde: Casa Guilherme de Almeida (Rua Cardoso de Almeida, 1943)<\/p>\n<p>Quanto: Inscri\u00e7\u00f5es gratuitas,\u00a0.<\/p>\n<p>&#8212;<\/p>\n<p>Hist\u00f3ria do cinema \u2013 Ciclo XI: A Nova Hollywood<\/p>\n<p>Quando: De 7 a 28 de junho, quartas, das 19h \u00e0s 21h.<\/p>\n<p>Onde: Casa Guilherme de Almeida (Rua Cardoso de Almeida, 1943)<\/p>\n<p>Quanto: Inscri\u00e7\u00f5es gratuitas,\u00a0<\/p>\n<p>Do Portal do Governo SP<\/p>\n","protected":false},"excerpt":{"rendered":"<p>Para os amantes de cinema uma boa novidade. A Casa Guilherme de Almeida oferecer\u00e1 dois cursos, em maio e em junho. As abordagens ser\u00e3o sobre a hist\u00f3ria da s\u00e9tima arte, e ter\u00e1 a participa\u00e7\u00e3o dos cr\u00edticos Alfredo Sternheim e Daniel Fontana. As atividades s\u00e3o gratuitas e as inscri\u00e7\u00f5es s\u00e3o feitas no site da institui\u00e7\u00e3o Hist\u00f3ria [&hellip;]<\/p>\n","protected":false},"author":2,"featured_media":35036,"comment_status":"open","ping_status":"closed","sticky":false,"template":"","format":"standard","meta":{"tdm_status":"","tdm_grid_status":"","footnotes":""},"categories":[22,351,370],"tags":[],"class_list":{"0":"post-112362","1":"post","2":"type-post","3":"status-publish","4":"format-standard","5":"has-post-thumbnail","7":"category-brasil","8":"category-cursos","9":"category-inscricao"},"_links":{"self":[{"href":"https:\/\/migracao.redenoticia.com.br\/noticia\/wp-json\/wp\/v2\/posts\/112362","targetHints":{"allow":["GET"]}}],"collection":[{"href":"https:\/\/migracao.redenoticia.com.br\/noticia\/wp-json\/wp\/v2\/posts"}],"about":[{"href":"https:\/\/migracao.redenoticia.com.br\/noticia\/wp-json\/wp\/v2\/types\/post"}],"author":[{"embeddable":true,"href":"https:\/\/migracao.redenoticia.com.br\/noticia\/wp-json\/wp\/v2\/users\/2"}],"replies":[{"embeddable":true,"href":"https:\/\/migracao.redenoticia.com.br\/noticia\/wp-json\/wp\/v2\/comments?post=112362"}],"version-history":[{"count":0,"href":"https:\/\/migracao.redenoticia.com.br\/noticia\/wp-json\/wp\/v2\/posts\/112362\/revisions"}],"wp:featuredmedia":[{"embeddable":true,"href":"https:\/\/migracao.redenoticia.com.br\/noticia\/wp-json\/wp\/v2\/media\/35036"}],"wp:attachment":[{"href":"https:\/\/migracao.redenoticia.com.br\/noticia\/wp-json\/wp\/v2\/media?parent=112362"}],"wp:term":[{"taxonomy":"category","embeddable":true,"href":"https:\/\/migracao.redenoticia.com.br\/noticia\/wp-json\/wp\/v2\/categories?post=112362"},{"taxonomy":"post_tag","embeddable":true,"href":"https:\/\/migracao.redenoticia.com.br\/noticia\/wp-json\/wp\/v2\/tags?post=112362"}],"curies":[{"name":"wp","href":"https:\/\/api.w.org\/{rel}","templated":true}]}}