{"id":112379,"date":"2017-05-03T00:04:00","date_gmt":"2017-05-03T03:04:00","guid":{"rendered":"https:\/\/www.redenoticia.com.br\/noticia\/?p=112379"},"modified":"2017-05-02T16:12:27","modified_gmt":"2017-05-02T19:12:27","slug":"abertas-as-inscricoes-para-pos-em-engenharia-mecanica-na-usp-em-sao-carlos","status":"publish","type":"post","link":"https:\/\/migracao.redenoticia.com.br\/noticia\/2017\/abertas-as-inscricoes-para-pos-em-engenharia-mecanica-na-usp-em-sao-carlos\/112379","title":{"rendered":"Abertas as inscri\u00e7\u00f5es para P\u00f3s em Engenharia Mec\u00e2nica na USP em S\u00e3o Carlos"},"content":{"rendered":"<p> Ag\u00eancia FAPESP \u2013 Est\u00e3o abertas as inscri\u00e7\u00f5es ao Programa de <strong><em>P\u00f3s-Gradua\u00e7\u00e3o em Engenharia Mec\u00e2nica<\/em><\/strong> da Escola de Engenharia de S\u00e3o Carlos da Universidade de S\u00e3o Paulo (USP). O prazo encerra em 19 de maio. O Programa conta com 18 linhas de pesquisas divididas em seis \u00e1reas de concentra\u00e7\u00e3o: Aeronaves, Din\u00e2mica de M\u00e1quinas e Sistemas, Manufatura, Materiais, Projeto Mec\u00e2nico e T\u00e9rmica e Fluidos.<\/p>\n<p>Mais informa\u00e7\u00f5es e o edital est\u00e3o dispon\u00edveis no endere\u00e7o .<\/p>\n<p>Para outras informa\u00e7\u00f5es acesse o  do Programa.<\/p>\n<p>&#8212;<br \/>\n Inscri\u00e7\u00f5es no processo seletivo<br \/>\nO interessado deve entrar em contato com um dos docentes do programa () para se informar sobre linhas e projetos de pesquisa e oportunidades de bolsas. Uma breve descri\u00e7\u00e3o das linhas de pesquisa pode ser encontrada .<\/p>\n<p>Calend\u00e1rio<br \/>\n&#8211; 10\/04 a 19\/05\/2017: Inscri\u00e7\u00f5es (entrega da ficha e documentos);<br \/>\n&#8211; 26\/05\/2017: Publica\u00e7\u00e3o das inscri\u00e7\u00f5es habilitadas;<br \/>\n&#8211; 04\/06\/2017: Realiza\u00e7\u00e3o do Exame de Ingresso (Mestrado e Doutorado);<br \/>\n&#8211; 26\/06\/2017: Publica\u00e7\u00e3o do Resultado Final.<\/p>\n<p>As inscri\u00e7\u00f5es podem ser feitas na Secretaria do Programa apresentando os documentos conforme especificados no Edital, dentre os quais:<\/p>\n<p>&#8211; Ficha de inscri\u00e7\u00e3o devidamente preenchida (dispon\u00edvel );<br \/>\n&#8211; Carta de manifesta\u00e7\u00e3o de interesse na orienta\u00e7\u00e3o fornecida por orientador credenciado no Programa (segundo modelo dispon\u00edvel ).<\/p>\n<p>Maiores informa\u00e7\u00f5es podem ser obtidas com Secretaria de P\u00f3s-Gradua\u00e7\u00e3o da \u00c1rea de Engenharia Mec\u00e2nica pelo telefone (016) 3373-9401.<\/p>\n","protected":false},"excerpt":{"rendered":"<p>Ag\u00eancia FAPESP \u2013 Est\u00e3o abertas as inscri\u00e7\u00f5es ao Programa de P\u00f3s-Gradua\u00e7\u00e3o em Engenharia Mec\u00e2nica da Escola de Engenharia de S\u00e3o Carlos da Universidade de S\u00e3o Paulo (USP). O prazo encerra em 19 de maio. O Programa conta com 18 linhas de pesquisas divididas em seis \u00e1reas de concentra\u00e7\u00e3o: Aeronaves, Din\u00e2mica de M\u00e1quinas e Sistemas, Manufatura, [&hellip;]<\/p>\n","protected":false},"author":2,"featured_media":28951,"comment_status":"open","ping_status":"closed","sticky":false,"template":"","format":"standard","meta":{"tdm_status":"","tdm_grid_status":"","footnotes":""},"categories":[22,351,370],"tags":[],"class_list":{"0":"post-112379","1":"post","2":"type-post","3":"status-publish","4":"format-standard","5":"has-post-thumbnail","7":"category-brasil","8":"category-cursos","9":"category-inscricao"},"_links":{"self":[{"href":"https:\/\/migracao.redenoticia.com.br\/noticia\/wp-json\/wp\/v2\/posts\/112379","targetHints":{"allow":["GET"]}}],"collection":[{"href":"https:\/\/migracao.redenoticia.com.br\/noticia\/wp-json\/wp\/v2\/posts"}],"about":[{"href":"https:\/\/migracao.redenoticia.com.br\/noticia\/wp-json\/wp\/v2\/types\/post"}],"author":[{"embeddable":true,"href":"https:\/\/migracao.redenoticia.com.br\/noticia\/wp-json\/wp\/v2\/users\/2"}],"replies":[{"embeddable":true,"href":"https:\/\/migracao.redenoticia.com.br\/noticia\/wp-json\/wp\/v2\/comments?post=112379"}],"version-history":[{"count":0,"href":"https:\/\/migracao.redenoticia.com.br\/noticia\/wp-json\/wp\/v2\/posts\/112379\/revisions"}],"wp:featuredmedia":[{"embeddable":true,"href":"https:\/\/migracao.redenoticia.com.br\/noticia\/wp-json\/wp\/v2\/media\/28951"}],"wp:attachment":[{"href":"https:\/\/migracao.redenoticia.com.br\/noticia\/wp-json\/wp\/v2\/media?parent=112379"}],"wp:term":[{"taxonomy":"category","embeddable":true,"href":"https:\/\/migracao.redenoticia.com.br\/noticia\/wp-json\/wp\/v2\/categories?post=112379"},{"taxonomy":"post_tag","embeddable":true,"href":"https:\/\/migracao.redenoticia.com.br\/noticia\/wp-json\/wp\/v2\/tags?post=112379"}],"curies":[{"name":"wp","href":"https:\/\/api.w.org\/{rel}","templated":true}]}}