{"id":112381,"date":"2017-05-02T16:30:59","date_gmt":"2017-05-02T19:30:59","guid":{"rendered":"https:\/\/www.redenoticia.com.br\/noticia\/?p=112381"},"modified":"2017-05-02T16:01:03","modified_gmt":"2017-05-02T19:01:03","slug":"resumo-novela-rubi-0305-alessandro-e-maribel-se-beijam","status":"publish","type":"post","link":"https:\/\/migracao.redenoticia.com.br\/noticia\/2017\/resumo-novela-rubi-0305-alessandro-e-maribel-se-beijam\/112381","title":{"rendered":"Resumo novela \u201cRubi\u201d 03\/05: Alessandro e Maribel se beijam"},"content":{"rendered":"<p><img loading=\"lazy\" decoding=\"async\" class=\"alignleft size-thumbnail wp-image-103954\" src=\"https:\/\/migracao.redenoticia.com.br\/noticia\/imagens\/rubi-resumo-novela-capitulo-sbt-150x112.jpg\" alt=\"\" width=\"150\" height=\"112\" \/><strong><em>Resumo novela \u201cRubi\u201d 03\/05<\/em><\/strong>: no cap\u00edtulo 078(*) da novela \u201cRubi\u201d, resumo de quarta-feira, 03 de maio, Helena diz a Heitor que o ama e que se ele quiser estar\u00e1 sempre a seu lado. Ele conta que Rubi, descaradamente, confessou sua trai\u00e7\u00e3o. Heitor diz a Rubi que ela ter\u00e1 que se acostumar a viver trancada, j\u00e1 que de agora em diante sua vida ser\u00e1 assim, pois jamais lhe dar\u00e1 o div\u00f3rcio. Heitor diz a Rubi que Alessandro sempre sofreu por ela ser sua e afirma que continuar\u00e1 sendo assim pelo resto de suas vidas, pois nunca permitir\u00e1 que os dois voltem a ficar juntos. Alessandro confessa a Maribel que sente ci\u00fames quando Ernesto ou L\u00facio se aproximam dela. Alessandro se oferece para pagar o curso de medicina a Ernesto e promete apoi\u00e1-lo em tudo. Depois comenta que no in\u00edcio de sua carreira uma pessoa tentou culp\u00e1-lo por uma fraude, mas ele conseguiu provar sua inoc\u00eancia. Alessandro confessa a Maribel que ao perceber que podia perd\u00ea-la percebeu que \u00e9 a mulher de sua vida e os dois se beijam apaixonadamente.<\/p>\n<p>(*) edi\u00e7\u00e3o do SBT, Novela \u201cRubi\u201d, sujeito a altera\u00e7\u00e3o de data e conte\u00fado.<\/p>\n<p>Rubi \u00e9 uma telenovela mexicana produzida por Jos\u00e9 Alberto Castro para a Televisa e exibida pelo Canal de las Estrellas entre 17 de maio e 22 de outubro de 2004, sucedendo Amarte es mi pecado e antecedendo Apuesta por un amor em 115 capitulos de 40 minutos. Adaptada por Ximena Su\u00e1rez, \u00e9 um remake da telenovela mexicana Rubi, de 1968, criada por Yolanda Vargas Dulch\u00e9. Seis anos ap\u00f3s lan\u00e7amento de Rub\u00ed, a telenovela Teresa foi acusada de pl\u00e1gio. V\u00e1rios sites apontam semelhan\u00e7as entre as duas telenovelas. Barbara Mori, Eduardo Santamarina, Sebasti\u00e1n Rulli, Jacqueline Bracamontes, Manuel Landeta, Sergio Goyri, Carlos C\u00e1mara, Yadhira Carrillo, Miguel Pizarro, Jos\u00e9 El\u00edas Moreno, Luis Gatica, Paty D\u00edaz, Ingrid Martz e Ana Mart\u00edn interpretam os papeis principais da trama.<\/p>\n","protected":false},"excerpt":{"rendered":"<p>Resumo novela \u201cRubi\u201d 03\/05: no cap\u00edtulo 078(*) da novela \u201cRubi\u201d, resumo de quarta-feira, 03 de maio, Helena diz a Heitor que o ama e que se ele quiser estar\u00e1 sempre a seu lado. Ele conta que Rubi, descaradamente, confessou sua trai\u00e7\u00e3o. Heitor diz a Rubi que ela ter\u00e1 que se acostumar a viver trancada, j\u00e1 [&hellip;]<\/p>\n","protected":false},"author":4,"featured_media":103954,"comment_status":"open","ping_status":"closed","sticky":false,"template":"","format":"standard","meta":{"tdm_status":"","tdm_grid_status":"","footnotes":""},"categories":[379,372,343],"tags":[441],"class_list":{"0":"post-112381","1":"post","2":"type-post","3":"status-publish","4":"format-standard","5":"has-post-thumbnail","7":"category-novelas","8":"category-sbt","9":"category-televisao","10":"tag-resumo-do-dia"},"_links":{"self":[{"href":"https:\/\/migracao.redenoticia.com.br\/noticia\/wp-json\/wp\/v2\/posts\/112381","targetHints":{"allow":["GET"]}}],"collection":[{"href":"https:\/\/migracao.redenoticia.com.br\/noticia\/wp-json\/wp\/v2\/posts"}],"about":[{"href":"https:\/\/migracao.redenoticia.com.br\/noticia\/wp-json\/wp\/v2\/types\/post"}],"author":[{"embeddable":true,"href":"https:\/\/migracao.redenoticia.com.br\/noticia\/wp-json\/wp\/v2\/users\/4"}],"replies":[{"embeddable":true,"href":"https:\/\/migracao.redenoticia.com.br\/noticia\/wp-json\/wp\/v2\/comments?post=112381"}],"version-history":[{"count":0,"href":"https:\/\/migracao.redenoticia.com.br\/noticia\/wp-json\/wp\/v2\/posts\/112381\/revisions"}],"wp:featuredmedia":[{"embeddable":true,"href":"https:\/\/migracao.redenoticia.com.br\/noticia\/wp-json\/wp\/v2\/media\/103954"}],"wp:attachment":[{"href":"https:\/\/migracao.redenoticia.com.br\/noticia\/wp-json\/wp\/v2\/media?parent=112381"}],"wp:term":[{"taxonomy":"category","embeddable":true,"href":"https:\/\/migracao.redenoticia.com.br\/noticia\/wp-json\/wp\/v2\/categories?post=112381"},{"taxonomy":"post_tag","embeddable":true,"href":"https:\/\/migracao.redenoticia.com.br\/noticia\/wp-json\/wp\/v2\/tags?post=112381"}],"curies":[{"name":"wp","href":"https:\/\/api.w.org\/{rel}","templated":true}]}}