{"id":112383,"date":"2017-05-02T16:31:23","date_gmt":"2017-05-02T19:31:23","guid":{"rendered":"https:\/\/www.redenoticia.com.br\/noticia\/?p=112383"},"modified":"2017-05-02T16:02:06","modified_gmt":"2017-05-02T19:02:06","slug":"resumo-novela-o-que-a-vida-me-roubou-0305-alessandro-e-colocado-em-liberdade","status":"publish","type":"post","link":"https:\/\/migracao.redenoticia.com.br\/noticia\/2017\/resumo-novela-o-que-a-vida-me-roubou-0305-alessandro-e-colocado-em-liberdade\/112383","title":{"rendered":"Resumo novela \u201cO Que A Vida Me Roubou\u201d 03\/05: Alessandro \u00e9 colocado em liberdade"},"content":{"rendered":"<p><img loading=\"lazy\" decoding=\"async\" src=\"https:\/\/migracao.redenoticia.com.br\/noticia\/imagens\/o-que-a-vida-me-roubou-novela-resumo-sbt-150x112.jpg\" alt=\"\" width=\"150\" height=\"112\" class=\"alignleft size-thumbnail wp-image-105656\" srcset=\"https:\/\/migracao.redenoticia.com.br\/noticia\/imagens\/o-que-a-vida-me-roubou-novela-resumo-sbt-150x112.jpg 150w, https:\/\/migracao.redenoticia.com.br\/noticia\/imagens\/o-que-a-vida-me-roubou-novela-resumo-sbt-265x198.jpg 265w\" sizes=\"auto, (max-width: 150px) 100vw, 150px\" \/><strong><em>Resumo novela \u201cO Que A Vida Me Roubou\u201d 03\/05<\/em><\/strong>: no cap\u00edtulo 068(*) da novela \u201cO Que A Vida Me Roubou\u201d, resumo de quarta-feira, 03 de maio, Pedro diz ao capit\u00e3o Robledo que parece que Alessandro foi colocado em liberdade. Ele responde que n\u00e3o existem mais provas que o incriminem, assim, acredita que Joaquim n\u00e3o esteja dizendo a verdade. O padre confirma a Montserrat que sua m\u00e3e teve uma outra filha, mas que ela morreu. Renato pergunta a Jos\u00e9 Luis se ele acredita na inoc\u00eancia de Alessandro. Pedro diz a Maria que se deseja recuperar Alessandro, ter\u00e1 que fazer o que ele ordenar. Maria responde que far\u00e1 o que for necess\u00e1rio. Ele ent\u00e3o pede que a jovem declare contra Alessandro. Maria concorda, desde que Alessandro jamais o saiba. Fabiola diz a Sandro que seu tio Benjamin morreu e deixou toda sua fortuna para seu filho. Sandro diz que segundo Benjamin, ele n\u00e3o tinha parentes. Montserrat diz a Alessandro que ele tem que agradecer a Jose por seu apoio. Ros\u00e1rio diz a Alessandro que o chefe de pol\u00edcia est\u00e1 em sua procura e, ao que parece, tem not\u00edcias de Maria. Ezequiel diz a Alessandro que Adolfo ajudou Maria a esconder-se. Ela foi encontrada desmaiada e em seguida foi levada ao hospital, pois, ao que parece, ela tentou se suicidar. Nadia diz a Esmeralda que Ezequiel \u00e9 amante de seu marido, que os viu juntos em sua jacuzzi fazendo algo que a envergonha dizer. Esmeralda se surpreende e tenta convenc\u00ea-la de que deve haver se equivocado, pois Ezequiel \u00e9 apenas amigo de Pedro. Jos\u00e9 Luis quer falar com Montserrat a s\u00f3s, mas Montserrat pede a Ros\u00e1rio que esteja presente. Alessandro pede a Adolfo que receba Maria em sua casa por alguns dias. Maria, hip\u00f3crita e chorando, tenta convencer Alessandro que n\u00e3o queria roubar seu filho, muito menos fazer lhe mal. Ela diz que s\u00f3 queria que pensassem que ele estava perdido e que ela havia o encontrado para que ele se sentisse em d\u00edvida com ela. O doutor Espino diz a Alessandro que \u00e9 necess\u00e1rio que Maria fique tranq\u00fcila e n\u00e3o sofra fortes emo\u00e7\u00f5es, do contr\u00e1rio poder\u00e1 voltar a atentar contra sua vida. Adolfo diz a Maria que convenceu Alessandro a lev\u00e1-la para sua casa. Maria pede a Adolfo que fa\u00e7a amor com ela. O padre chega e se surpreende ao v\u00ea-los. Maria acusa Adolfo de tentar abusar dela. Montserrat recrimina sua m\u00e3e por ter enganado Alessandro usando Demetrio. Graziela responde que n\u00e3o queria lhe roubar nada. Montserrat pede a ela que fale de sua outra filha, a que teve com Benjamin Almonte.<\/p>\n<p>(*) edi\u00e7\u00e3o do SBT, Novela \u201cO Que A Vida Me Roubou\u201d, sujeito a altera\u00e7\u00e3o de data e conte\u00fado.<\/p>\n<p>Lo que la vida me rob\u00f3 (no Brasil, O Que a Vida Me Roubou) \u00e9 uma telenovela mexicana produzida por Angelli Nesma Medina para Televisa e exibida pelo Canal de las Estrellas entre 28 de outubro de 2013 e 27 de julho de 2014 em 196 cap\u00edtulos, substituindo La tempestad e sendo substitu\u00edda por Hasta el fin del mundo. A original \u00e9 de Caridad Bravo Adams, sendo esta um remake modernizado das novelas Bodas de odio e Amor real, produzidas em 1983 e 2003, respectivamente. Tem Angelique Boyer, Sebasti\u00e1n Rulli, Luis Roberto Guzm\u00e1n, Daniela Castro, Grettell Vald\u00e9z, Sergio Sendel e Lisset nos papeis principais.<\/p>\n","protected":false},"excerpt":{"rendered":"<p>Resumo novela \u201cO Que A Vida Me Roubou\u201d 03\/05: no cap\u00edtulo 068(*) da novela \u201cO Que A Vida Me Roubou\u201d, resumo de quarta-feira, 03 de maio, Pedro diz ao capit\u00e3o Robledo que parece que Alessandro foi colocado em liberdade. Ele responde que n\u00e3o existem mais provas que o incriminem, assim, acredita que Joaquim n\u00e3o esteja [&hellip;]<\/p>\n","protected":false},"author":4,"featured_media":105656,"comment_status":"open","ping_status":"closed","sticky":false,"template":"","format":"standard","meta":{"tdm_status":"","tdm_grid_status":"","footnotes":""},"categories":[379,372,343],"tags":[441],"class_list":{"0":"post-112383","1":"post","2":"type-post","3":"status-publish","4":"format-standard","5":"has-post-thumbnail","7":"category-novelas","8":"category-sbt","9":"category-televisao","10":"tag-resumo-do-dia"},"_links":{"self":[{"href":"https:\/\/migracao.redenoticia.com.br\/noticia\/wp-json\/wp\/v2\/posts\/112383","targetHints":{"allow":["GET"]}}],"collection":[{"href":"https:\/\/migracao.redenoticia.com.br\/noticia\/wp-json\/wp\/v2\/posts"}],"about":[{"href":"https:\/\/migracao.redenoticia.com.br\/noticia\/wp-json\/wp\/v2\/types\/post"}],"author":[{"embeddable":true,"href":"https:\/\/migracao.redenoticia.com.br\/noticia\/wp-json\/wp\/v2\/users\/4"}],"replies":[{"embeddable":true,"href":"https:\/\/migracao.redenoticia.com.br\/noticia\/wp-json\/wp\/v2\/comments?post=112383"}],"version-history":[{"count":0,"href":"https:\/\/migracao.redenoticia.com.br\/noticia\/wp-json\/wp\/v2\/posts\/112383\/revisions"}],"wp:featuredmedia":[{"embeddable":true,"href":"https:\/\/migracao.redenoticia.com.br\/noticia\/wp-json\/wp\/v2\/media\/105656"}],"wp:attachment":[{"href":"https:\/\/migracao.redenoticia.com.br\/noticia\/wp-json\/wp\/v2\/media?parent=112383"}],"wp:term":[{"taxonomy":"category","embeddable":true,"href":"https:\/\/migracao.redenoticia.com.br\/noticia\/wp-json\/wp\/v2\/categories?post=112383"},{"taxonomy":"post_tag","embeddable":true,"href":"https:\/\/migracao.redenoticia.com.br\/noticia\/wp-json\/wp\/v2\/tags?post=112383"}],"curies":[{"name":"wp","href":"https:\/\/api.w.org\/{rel}","templated":true}]}}