{"id":112393,"date":"2017-05-02T16:35:17","date_gmt":"2017-05-02T19:35:17","guid":{"rendered":"https:\/\/www.redenoticia.com.br\/noticia\/?p=112393"},"modified":"2017-05-02T16:09:31","modified_gmt":"2017-05-02T19:09:31","slug":"resumo-novela-novo-mundo-0305-pedro-destitui-thomas-de-seu-cargo-resumo-novela-novo-mundo-0305-pedro-destitui-thomas-de-seu-cargo","status":"publish","type":"post","link":"https:\/\/migracao.redenoticia.com.br\/noticia\/2017\/resumo-novela-novo-mundo-0305-pedro-destitui-thomas-de-seu-cargo-resumo-novela-novo-mundo-0305-pedro-destitui-thomas-de-seu-cargo\/112393","title":{"rendered":"Resumo novela \u201cNovo Mundo\u201d 03\/05: Pedro destitui Thomas de seu cargo"},"content":{"rendered":"<p><img loading=\"lazy\" decoding=\"async\" class=\"alignleft size-thumbnail wp-image-107950\" src=\"https:\/\/migracao.redenoticia.com.br\/noticia\/imagens\/novo_mundo_novela_resumo_globo-150x112.jpg\" alt=\"\" width=\"150\" height=\"112\" srcset=\"https:\/\/migracao.redenoticia.com.br\/noticia\/imagens\/novo_mundo_novela_resumo_globo-150x112.jpg 150w, https:\/\/migracao.redenoticia.com.br\/noticia\/imagens\/novo_mundo_novela_resumo_globo-265x198.jpg 265w\" sizes=\"auto, (max-width: 150px) 100vw, 150px\" \/><strong><em>Resumo novela \u201cNovo Mundo\u201d 03\/05<\/em><\/strong>: no cap\u00edtulo 037(*) da novela \u201cNovo Mundo\u201d, resumo de quarta-feira, 03 de maio, Joaquim questiona Anna sobre a paternidade da crian\u00e7a que espera. Leopoldina sofre com as aus\u00eancias do marido. Licurgo e Germana tentam cobrar de Chala\u00e7a e Dom Pedro as despesas que tiveram na taberna. Francisco implora que a pris\u00e3o de Domitila seja domiciliar. Anna mente e diz a Joaquim que o filho que espera \u00e9 de Thomas. Quinzinho leva Anna para falar com Elvira. Thomas garante a Avilez que facilitar\u00e1 o roubo do dinheiro que Dom Pedro planeja mandar para S\u00e3o Paulo. Anna conta para Thomas que est\u00e1 gr\u00e1vida. Germana e Licurgo s\u00e3o enganados. Piat\u00e3 confessa a Ubirajara que n\u00e3o sabe ca\u00e7ar. Cec\u00edlia envia outra carta a Lib\u00e9rio. Joaquim ataca os bandidos que tentam levar o ba\u00fa com o dinheiro de Dom Pedro. Avilez se surpreende com o conte\u00fado do ba\u00fa que foi roubado. Pedro destitui Thomas de seu cargo.<\/p>\n<p>(*) edi\u00e7\u00e3o da Rede Globo, Novela \u201cNovo Mundo\u201d, sujeito a altera\u00e7\u00e3o de data e conte\u00fado.<\/p>\n<p>Novo Mundo \u00e9 uma telenovela brasileira produzida pela Rede Globo. Escrita por Thereza Falc\u00e3o e Alessandro Marson, conta com dire\u00e7\u00e3o art\u00edstica de Vin\u00edcius Coimbra. Conta com as participa\u00e7\u00f5es de Isabelle Drummond, Chay Suede, Caio Castro, Let\u00edcia Colin, Leo Jaime, D\u00e9bora Olivieri, Rodrigo Simas, Giullia Buscacio, Vivianne Pasmanter, Guilherme Piva, R\u00f4mulo Estrela, Agatha Moreira, Luisa Micheletti, Gabriel Braga Nunes, e Ingrid Guimar\u00e3es.<\/p>\n","protected":false},"excerpt":{"rendered":"<p>Resumo novela \u201cNovo Mundo\u201d 03\/05: no cap\u00edtulo 037(*) da novela \u201cNovo Mundo\u201d, resumo de quarta-feira, 03 de maio, Joaquim questiona Anna sobre a paternidade da crian\u00e7a que espera. Leopoldina sofre com as aus\u00eancias do marido. Licurgo e Germana tentam cobrar de Chala\u00e7a e Dom Pedro as despesas que tiveram na taberna. Francisco implora que a [&hellip;]<\/p>\n","protected":false},"author":4,"featured_media":107950,"comment_status":"open","ping_status":"closed","sticky":false,"template":"","format":"standard","meta":{"tdm_status":"","tdm_grid_status":"","footnotes":""},"categories":[379,375,343],"tags":[441],"class_list":{"0":"post-112393","1":"post","2":"type-post","3":"status-publish","4":"format-standard","5":"has-post-thumbnail","7":"category-novelas","8":"category-rede-globo","9":"category-televisao","10":"tag-resumo-do-dia"},"_links":{"self":[{"href":"https:\/\/migracao.redenoticia.com.br\/noticia\/wp-json\/wp\/v2\/posts\/112393","targetHints":{"allow":["GET"]}}],"collection":[{"href":"https:\/\/migracao.redenoticia.com.br\/noticia\/wp-json\/wp\/v2\/posts"}],"about":[{"href":"https:\/\/migracao.redenoticia.com.br\/noticia\/wp-json\/wp\/v2\/types\/post"}],"author":[{"embeddable":true,"href":"https:\/\/migracao.redenoticia.com.br\/noticia\/wp-json\/wp\/v2\/users\/4"}],"replies":[{"embeddable":true,"href":"https:\/\/migracao.redenoticia.com.br\/noticia\/wp-json\/wp\/v2\/comments?post=112393"}],"version-history":[{"count":0,"href":"https:\/\/migracao.redenoticia.com.br\/noticia\/wp-json\/wp\/v2\/posts\/112393\/revisions"}],"wp:featuredmedia":[{"embeddable":true,"href":"https:\/\/migracao.redenoticia.com.br\/noticia\/wp-json\/wp\/v2\/media\/107950"}],"wp:attachment":[{"href":"https:\/\/migracao.redenoticia.com.br\/noticia\/wp-json\/wp\/v2\/media?parent=112393"}],"wp:term":[{"taxonomy":"category","embeddable":true,"href":"https:\/\/migracao.redenoticia.com.br\/noticia\/wp-json\/wp\/v2\/categories?post=112393"},{"taxonomy":"post_tag","embeddable":true,"href":"https:\/\/migracao.redenoticia.com.br\/noticia\/wp-json\/wp\/v2\/tags?post=112393"}],"curies":[{"name":"wp","href":"https:\/\/api.w.org\/{rel}","templated":true}]}}