{"id":112553,"date":"2017-05-05T00:04:34","date_gmt":"2017-05-05T03:04:34","guid":{"rendered":"https:\/\/www.redenoticia.com.br\/noticia\/?p=112553"},"modified":"2017-05-04T17:49:43","modified_gmt":"2017-05-04T20:49:43","slug":"tt-3-e-iniciacao-cientifica-na-esalq-com-bolsa-da-fapesp","status":"publish","type":"post","link":"https:\/\/migracao.redenoticia.com.br\/noticia\/2017\/tt-3-e-iniciacao-cientifica-na-esalq-com-bolsa-da-fapesp\/112553","title":{"rendered":"TT-3 e Inicia\u00e7\u00e3o Cient\u00edfica na Esalq com Bolsa da FAPESP"},"content":{"rendered":"<p> Ag\u00eancia FAPESP \u2013 A Escola Superior de Agricultura Luiz de Queiroz (Esalq) oferece uma oportunidade de <strong><em>Treinamento T\u00e9cnico (TT-3) e uma de Inicia\u00e7\u00e3o Cient\u00edfica em Geotecnologias Aplicadas a Solos<\/em><\/strong> com Bolsas da FAPESP. O prazo das inscri\u00e7\u00f5es encerra em 10 de maio.<\/p>\n<p>As duas bolsas est\u00e3o vinculadas ao Projeto Tem\u00e1tico \u201c\u201d, que tem como pesquisador respons\u00e1vel Jose Alexandre Melo Dematte.<\/p>\n<p>O bolsista de TT-3 ter\u00e1 atividades relacionadas ao desenvolvimento do laborat\u00f3rio de sensoriamento remoto e geoprocessamento aplicados a solos, compreendido no projeto tem\u00e1tico indicado: apoio \u00e0s atividades do laborat\u00f3rio, organiza\u00e7\u00e3o, leituras em sensores, apoio \u00e0s atividades de campo, softwares, entre outras atividades para o bom andamento do projeto.<\/p>\n<p>Os interessados devem enviar curr\u00edculo vitae completo para o pesquisador respons\u00e1vel, no endere\u00e7o jamdemat@usp.br.<\/p>\n<p>A oportunidade est\u00e1 publicada em .<\/p>\n<p>Para mais informa\u00e7\u00f5es sobre Bolsas de Treinamento T\u00e9cnico acesse .<\/p>\n<p>Valores de bolsas TT est\u00e3o em  .<\/p>\n<p>As atividades do bolsista de Inicia\u00e7\u00e3o Cient\u00edfica consistir\u00e3o no desenvolvimento de trabalho relacionado ao sensoriamento remoto aplicado no estudo do solo e sua rela\u00e7\u00e3o com o desenvolvimento das plantas.<\/p>\n<p>Os interessados devem ter no\u00e7\u00f5es b\u00e1sicas em um ou mais dos seguintes softwares: arcgis, qgis, envi e\/ou R. Os candidatos devem cursar entre o 3\u00ba e o 6\u00ba semestre, com nota m\u00e9dia m\u00ednima de 7,0 e sem reprova\u00e7\u00f5es, devendo ter dispon\u00edveis no m\u00ednimo 16 horas para o est\u00e1gio.<\/p>\n<p>Os candidatos devem enviar curr\u00edculo vitae completo para o pesquisador respons\u00e1vel no endere\u00e7o jamdemat@usp.br.<\/p>\n<p>A oportunidade est\u00e1 publicada em .<\/p>\n<p>Para mais informa\u00e7\u00f5es sobre Bolsas de Inicia\u00e7\u00e3o Cient\u00edfica acesse .<\/p>\n","protected":false},"excerpt":{"rendered":"<p>Ag\u00eancia FAPESP \u2013 A Escola Superior de Agricultura Luiz de Queiroz (Esalq) oferece uma oportunidade de Treinamento T\u00e9cnico (TT-3) e uma de Inicia\u00e7\u00e3o Cient\u00edfica em Geotecnologias Aplicadas a Solos com Bolsas da FAPESP. O prazo das inscri\u00e7\u00f5es encerra em 10 de maio. As duas bolsas est\u00e3o vinculadas ao Projeto Tem\u00e1tico \u201c\u201d, que tem como pesquisador [&hellip;]<\/p>\n","protected":false},"author":2,"featured_media":36246,"comment_status":"open","ping_status":"closed","sticky":false,"template":"","format":"standard","meta":{"tdm_status":"","tdm_grid_status":"","footnotes":""},"categories":[22,351,370],"tags":[],"class_list":{"0":"post-112553","1":"post","2":"type-post","3":"status-publish","4":"format-standard","5":"has-post-thumbnail","7":"category-brasil","8":"category-cursos","9":"category-inscricao"},"_links":{"self":[{"href":"https:\/\/migracao.redenoticia.com.br\/noticia\/wp-json\/wp\/v2\/posts\/112553","targetHints":{"allow":["GET"]}}],"collection":[{"href":"https:\/\/migracao.redenoticia.com.br\/noticia\/wp-json\/wp\/v2\/posts"}],"about":[{"href":"https:\/\/migracao.redenoticia.com.br\/noticia\/wp-json\/wp\/v2\/types\/post"}],"author":[{"embeddable":true,"href":"https:\/\/migracao.redenoticia.com.br\/noticia\/wp-json\/wp\/v2\/users\/2"}],"replies":[{"embeddable":true,"href":"https:\/\/migracao.redenoticia.com.br\/noticia\/wp-json\/wp\/v2\/comments?post=112553"}],"version-history":[{"count":0,"href":"https:\/\/migracao.redenoticia.com.br\/noticia\/wp-json\/wp\/v2\/posts\/112553\/revisions"}],"wp:featuredmedia":[{"embeddable":true,"href":"https:\/\/migracao.redenoticia.com.br\/noticia\/wp-json\/wp\/v2\/media\/36246"}],"wp:attachment":[{"href":"https:\/\/migracao.redenoticia.com.br\/noticia\/wp-json\/wp\/v2\/media?parent=112553"}],"wp:term":[{"taxonomy":"category","embeddable":true,"href":"https:\/\/migracao.redenoticia.com.br\/noticia\/wp-json\/wp\/v2\/categories?post=112553"},{"taxonomy":"post_tag","embeddable":true,"href":"https:\/\/migracao.redenoticia.com.br\/noticia\/wp-json\/wp\/v2\/tags?post=112553"}],"curies":[{"name":"wp","href":"https:\/\/api.w.org\/{rel}","templated":true}]}}