{"id":112596,"date":"2017-05-05T00:06:46","date_gmt":"2017-05-05T03:06:46","guid":{"rendered":"https:\/\/www.redenoticia.com.br\/noticia\/?p=112596"},"modified":"2017-05-04T17:51:51","modified_gmt":"2017-05-04T20:51:51","slug":"sistema-de-reconhecimento-facial-identifica-doencas-raras","status":"publish","type":"post","link":"https:\/\/migracao.redenoticia.com.br\/noticia\/2017\/sistema-de-reconhecimento-facial-identifica-doencas-raras\/112596","title":{"rendered":"Sistema de reconhecimento facial identifica doen\u00e7as raras"},"content":{"rendered":"<p> O projeto inovador que usa o <strong><em>reconhecimento facial para identifica\u00e7\u00e3o de doen\u00e7as<\/em><\/strong> acaba de ser desenvolvido em uma parceria de pesquisadores dos Estados Unidos e brasileiros, estudantes da Universidade Estadual de Campinas (Unicamp).<\/p>\n<p>Participaram pesquisadores do Projeto Cr\u00e2nio-Face Brasil do Departamento de Gen\u00e9tica da Faculdade de Ci\u00eancias M\u00e9dicas (FCM), da Unicamp, e do Instituto Nacional de Pesquisa do Genoma Humano, dos Estados Unidos, al\u00e9m de estudiosos de outros pa\u00edses.<\/p>\n<p>Atrav\u00e9s de um software\u00a0de reconhecimento facial \u00e9 poss\u00edvel identificar s\u00edndromes gen\u00e9ticas raras, como a S\u00edndrome Velocardiofacial DiGeorge (22q11.2), conhecida por provocar, entre os mais de 180 achados cl\u00ednicos, a fissura labiopalatina, popularmente chamada de l\u00e1bio leporino.<\/p>\n<p>Os resultados foram publicados na revista\u00a0American Journal of Medical Genetics. De acordo com a an\u00e1lise foram\u00a0 coletadas informa\u00e7\u00f5es e imagens de face de 106 indiv\u00edduos de 11 pa\u00edses com a dela\u00e7\u00e3o 22q11.2 que causa a s\u00edndrome gen\u00e9tica. A mesma avalia\u00e7\u00e3o de imagem foi feita com outras 156 pessoas sem a doen\u00e7a.<\/p>\n<p>A partir de 126 medidas diferentes da face, a taxa de acerto para o diagn\u00f3stico da doen\u00e7a foi superior a 96% com o uso do\u00a0software. O programa de computador \u00e9 semelhante aos j\u00e1 utilizados em aeroportos para a identifica\u00e7\u00e3o.<\/p>\n<p>Os pacientes com a doen\u00e7a gen\u00e9tica necessitam, ao longo de suas vidas, de um grande n\u00famero de interven\u00e7\u00f5es m\u00e9dicas e hospitaliza\u00e7\u00f5es. O diagn\u00f3stico precoce \u00e9 fundamental para a adequada avalia\u00e7\u00e3o e manejo cl\u00ednico dos indiv\u00edduos e seus familiares.<\/p>\n<p>A ideia \u00e9 que o\u00a0software\u00a0ajudar\u00e1 a detec\u00e7\u00e3o de casos em pa\u00edses que n\u00e3o possuem recursos para a realiza\u00e7\u00e3o de exames gen\u00e9ticos. A expectativa \u00e9 que no futuro o programa computadorizado possa identificar com precis\u00e3o, e em grande escala,\u00a0 al\u00e9m da s\u00edndrome, outras que acomentem os seres humanos, como\u00a0Down, Noonan e Williams.<\/p>\n<p>Do Portal do Governo SP<\/p>\n","protected":false},"excerpt":{"rendered":"<p>O projeto inovador que usa o reconhecimento facial para identifica\u00e7\u00e3o de doen\u00e7as acaba de ser desenvolvido em uma parceria de pesquisadores dos Estados Unidos e brasileiros, estudantes da Universidade Estadual de Campinas (Unicamp). Participaram pesquisadores do Projeto Cr\u00e2nio-Face Brasil do Departamento de Gen\u00e9tica da Faculdade de Ci\u00eancias M\u00e9dicas (FCM), da Unicamp, e do Instituto Nacional [&hellip;]<\/p>\n","protected":false},"author":2,"featured_media":37419,"comment_status":"open","ping_status":"closed","sticky":false,"template":"","format":"standard","meta":{"tdm_status":"","tdm_grid_status":"","footnotes":""},"categories":[22,5],"tags":[],"class_list":{"0":"post-112596","1":"post","2":"type-post","3":"status-publish","4":"format-standard","5":"has-post-thumbnail","7":"category-brasil","8":"category-saude-e-vida"},"_links":{"self":[{"href":"https:\/\/migracao.redenoticia.com.br\/noticia\/wp-json\/wp\/v2\/posts\/112596","targetHints":{"allow":["GET"]}}],"collection":[{"href":"https:\/\/migracao.redenoticia.com.br\/noticia\/wp-json\/wp\/v2\/posts"}],"about":[{"href":"https:\/\/migracao.redenoticia.com.br\/noticia\/wp-json\/wp\/v2\/types\/post"}],"author":[{"embeddable":true,"href":"https:\/\/migracao.redenoticia.com.br\/noticia\/wp-json\/wp\/v2\/users\/2"}],"replies":[{"embeddable":true,"href":"https:\/\/migracao.redenoticia.com.br\/noticia\/wp-json\/wp\/v2\/comments?post=112596"}],"version-history":[{"count":0,"href":"https:\/\/migracao.redenoticia.com.br\/noticia\/wp-json\/wp\/v2\/posts\/112596\/revisions"}],"wp:featuredmedia":[{"embeddable":true,"href":"https:\/\/migracao.redenoticia.com.br\/noticia\/wp-json\/wp\/v2\/media\/37419"}],"wp:attachment":[{"href":"https:\/\/migracao.redenoticia.com.br\/noticia\/wp-json\/wp\/v2\/media?parent=112596"}],"wp:term":[{"taxonomy":"category","embeddable":true,"href":"https:\/\/migracao.redenoticia.com.br\/noticia\/wp-json\/wp\/v2\/categories?post=112596"},{"taxonomy":"post_tag","embeddable":true,"href":"https:\/\/migracao.redenoticia.com.br\/noticia\/wp-json\/wp\/v2\/tags?post=112596"}],"curies":[{"name":"wp","href":"https:\/\/api.w.org\/{rel}","templated":true}]}}