{"id":112660,"date":"2017-05-06T00:06:43","date_gmt":"2017-05-06T03:06:43","guid":{"rendered":"https:\/\/www.redenoticia.com.br\/noticia\/?p=112660"},"modified":"2017-05-05T18:42:28","modified_gmt":"2017-05-05T21:42:28","slug":"resumo-novela-carinha-de-anjo-0805-dulce-presenteia-gustavo-com-colar","status":"publish","type":"post","link":"https:\/\/migracao.redenoticia.com.br\/noticia\/2017\/resumo-novela-carinha-de-anjo-0805-dulce-presenteia-gustavo-com-colar\/112660","title":{"rendered":"Resumo novela \u201cCarinha de Anjo\u201d 08\/05: Dulce presenteia Gustavo com colar"},"content":{"rendered":"<p> <img loading=\"lazy\" decoding=\"async\" class=\"alignleft size-thumbnail wp-image-99331\" src=\"https:\/\/migracao.redenoticia.com.br\/noticia\/imagens\/carinha_de_anjo_sbt_novela_resumo_capitulo-150x112.jpg\" alt=\"carinha_de_anjo_sbt_novela_resumo_capitulo\" width=\"150\" height=\"112\" srcset=\"https:\/\/migracao.redenoticia.com.br\/noticia\/imagens\/carinha_de_anjo_sbt_novela_resumo_capitulo-150x112.jpg 150w, https:\/\/migracao.redenoticia.com.br\/noticia\/imagens\/carinha_de_anjo_sbt_novela_resumo_capitulo-265x198.jpg 265w\" sizes=\"auto, (max-width: 150px) 100vw, 150px\" \/><strong><em>Resumo novela \u201cCarinha de Anjo\u201d 08\/05<\/em><\/strong>: no cap\u00edtulo 121(*) da novela \u201cCarinha de Anjo\u201d, resumo de segunda-feira, 08 de maio, Dulce Maria diz para Juju e Em\u00edlio que n\u00e3o gostou de ser chamada de filha torta por Nicole. Os irm\u00e3os sugerem para Dulce presentear o pai com o colar que ganhou no comercial que fez com Nicole, assim fica um colar com ela e outro com Gustavo. Fl\u00e1vio diz para Haydee que ir\u00e1 entregar \u00c9rica (Einat Falbel) para a pol\u00edcia e que com isso se livram da criminosa. Ele vai inventar que ap\u00f3s investigar por conta pr\u00f3pria descobriu o paradeiro de \u00c9rica, por isso, o que ela vier a dizer vai ser considerado mentira. In\u00e1cio conversa com Zeca e aconselha o garoto a n\u00e3o desistir da paix\u00e3o que sente por Juju. <\/p>\n<p>Z\u00e9 Felipe revela que Miguel escolheu seu animal de estima\u00e7\u00e3o \u2013 uma cobra. Valentina pede para Tom se pode ser a madrasta na pe\u00e7a Cinderela. A inten\u00e7\u00e3o da pequenina \u00e9 poder pegar no p\u00e9 da Cinderela e da Fada Madrinha, que ser\u00e3o interpretadas respectivamente por Frida e B\u00e1rbara. Assim que Miguel mostra para In\u00e1cio e Zeca a cobra de estima\u00e7\u00e3o os dois percebem se tratar apenas de um peda\u00e7o de corda e pede para que Z\u00e9 Felipe e Miguel n\u00e3o fa\u00e7am esse tipo de brincadeira. Dulce entrega o colar para Gustavo e percebe que n\u00e3o combina com o pai. Rosana termina de preparar o jantar e em seguida recebe Peixoto e Ribeiro. Dulce come pizza com Gustavo, Em\u00edlio e Juju. <\/p>\n<p>Madre Superiora chega ao apartamento da menina com Fabiana e Cec\u00edlia como surpresa. Fl\u00e1vio e Haydee terminam de preparar as falsas provas para acusar \u00c9rica no momento do flagrante armado. Juju mostra o videoclipe do seu rap da agua para a Madre Superiora, que autoriza que Dulce cante a m\u00fasica na feira do conhecimento col\u00e9gio. Franciely chega na casa de Rosana para o jantar fingindo ser coincid\u00eancia.<\/p>\n<p>(*) edi\u00e7\u00e3o do SBT, Novela \u201cCarinha de Anjo\u201d, sujeito a altera\u00e7\u00e3o de data e conte\u00fado.<\/p>\n<p>Carinha de Anjo \u00e9 uma telenovela brasileira produzida e exibida originalmente pelo SBT desde o dia 21 de novembro de 2016, substituindo o hor\u00e1rio anteriormente ocupado por C\u00famplices de um Resgate. A telenovela \u00e9 inspirada na mexicana Carita de \u00e1ngel, que, por sua vez, \u00e9 um remake de Mundo de juguete, ambas produzidas pela Televisa e que haviam sido baseadas na trama argentina escrita por Abel Santa Cruz, Pap\u00e1 coraz\u00f3n. Esta ser\u00e1 a segunda adapta\u00e7\u00e3o brasileira da obra original argentina, visto que a Rede Tupi apresentou em 1976 a sua primeira vers\u00e3o, chamada de Papai Cora\u00e7\u00e3o. A nova vers\u00e3o \u00e9 escrita por Leonor Corr\u00eaa, com supervis\u00e3o de \u00cdris Abravanel e dire\u00e7\u00e3o geral de Ricardo Mantoanelli. A trama conta com Lorena Queiroz, Bia Arantes, Carlo Porto, Priscila Sol, Dani Gondim, Karin Hils, Eliana Guttman e Lucero nos pap\u00e9is principais.<\/p>\n","protected":false},"excerpt":{"rendered":"<p>Resumo novela \u201cCarinha de Anjo\u201d 08\/05: no cap\u00edtulo 121(*) da novela \u201cCarinha de Anjo\u201d, resumo de segunda-feira, 08 de maio, Dulce Maria diz para Juju e Em\u00edlio que n\u00e3o gostou de ser chamada de filha torta por Nicole. Os irm\u00e3os sugerem para Dulce presentear o pai com o colar que ganhou no comercial que fez [&hellip;]<\/p>\n","protected":false},"author":2,"featured_media":99331,"comment_status":"open","ping_status":"closed","sticky":false,"template":"","format":"standard","meta":{"tdm_status":"","tdm_grid_status":"","footnotes":""},"categories":[452,379,372,343],"tags":[441],"class_list":{"0":"post-112660","1":"post","2":"type-post","3":"status-publish","4":"format-standard","5":"has-post-thumbnail","7":"category-carinha-de-anjo","8":"category-novelas","9":"category-sbt","10":"category-televisao","11":"tag-resumo-do-dia"},"_links":{"self":[{"href":"https:\/\/migracao.redenoticia.com.br\/noticia\/wp-json\/wp\/v2\/posts\/112660","targetHints":{"allow":["GET"]}}],"collection":[{"href":"https:\/\/migracao.redenoticia.com.br\/noticia\/wp-json\/wp\/v2\/posts"}],"about":[{"href":"https:\/\/migracao.redenoticia.com.br\/noticia\/wp-json\/wp\/v2\/types\/post"}],"author":[{"embeddable":true,"href":"https:\/\/migracao.redenoticia.com.br\/noticia\/wp-json\/wp\/v2\/users\/2"}],"replies":[{"embeddable":true,"href":"https:\/\/migracao.redenoticia.com.br\/noticia\/wp-json\/wp\/v2\/comments?post=112660"}],"version-history":[{"count":0,"href":"https:\/\/migracao.redenoticia.com.br\/noticia\/wp-json\/wp\/v2\/posts\/112660\/revisions"}],"wp:featuredmedia":[{"embeddable":true,"href":"https:\/\/migracao.redenoticia.com.br\/noticia\/wp-json\/wp\/v2\/media\/99331"}],"wp:attachment":[{"href":"https:\/\/migracao.redenoticia.com.br\/noticia\/wp-json\/wp\/v2\/media?parent=112660"}],"wp:term":[{"taxonomy":"category","embeddable":true,"href":"https:\/\/migracao.redenoticia.com.br\/noticia\/wp-json\/wp\/v2\/categories?post=112660"},{"taxonomy":"post_tag","embeddable":true,"href":"https:\/\/migracao.redenoticia.com.br\/noticia\/wp-json\/wp\/v2\/tags?post=112660"}],"curies":[{"name":"wp","href":"https:\/\/api.w.org\/{rel}","templated":true}]}}