{"id":112670,"date":"2017-05-06T16:46:09","date_gmt":"2017-05-06T19:46:09","guid":{"rendered":"https:\/\/www.redenoticia.com.br\/noticia\/?p=112670"},"modified":"2017-05-05T18:52:31","modified_gmt":"2017-05-05T21:52:31","slug":"resumo-novela-novo-mundo-0805-dom-pedro-decide-voltar-para-portugal","status":"publish","type":"post","link":"https:\/\/migracao.redenoticia.com.br\/noticia\/2017\/resumo-novela-novo-mundo-0805-dom-pedro-decide-voltar-para-portugal\/112670","title":{"rendered":"Resumo novela \u201cNovo Mundo\u201d 08\/05: Dom Pedro decide voltar para Portugal"},"content":{"rendered":"<p> <img loading=\"lazy\" decoding=\"async\" class=\"alignleft size-thumbnail wp-image-107950\" src=\"https:\/\/migracao.redenoticia.com.br\/noticia\/imagens\/novo_mundo_novela_resumo_globo-150x112.jpg\" alt=\"\" width=\"150\" height=\"112\" srcset=\"https:\/\/migracao.redenoticia.com.br\/noticia\/imagens\/novo_mundo_novela_resumo_globo-150x112.jpg 150w, https:\/\/migracao.redenoticia.com.br\/noticia\/imagens\/novo_mundo_novela_resumo_globo-265x198.jpg 265w\" sizes=\"auto, (max-width: 150px) 100vw, 150px\" \/><strong><em>Resumo novela \u201cNovo Mundo\u201d 08\/05<\/em><\/strong>: no cap\u00edtulo 041(*) da novela \u201cNovo Mundo\u201d, resumo de segunda-feira, 08 de maio, Thomas se surpreende com a not\u00edcia de que Dom Pedro ser\u00e1 obrigado a ir para Portugal. Leopoldina tenta apoiar Dom Pedro. Peter e Joaquim se empenham para impedir a partida do Pr\u00edncipe Regente. Anna tem um sonho e decide escrever um novo livro. Jacira se preocupa com a demora de Piat\u00e3 em voltar para a aldeia. Avilez avisa a Leopoldina que a Fam\u00edlia Real ter\u00e1 que partir. Joaquim duela com Avilez no pal\u00e1cio. Germana e Licurgo reclamam de servir a tripula\u00e7\u00e3o do navio. Domitila incentiva Francisco a montar uma comitiva para apoiar Dom Pedro. Leopoldina pede que Joaquim mantenha seu marido longe do pal\u00e1cio. Benedita ouve a conversa de Domitila com Rosa sobre sua viagem ao Rio de Janeiro. Elvira sabota a comida dos marinheiros na taberna. Jacira e Piat\u00e3 se beijam. Anna vai com Thomas, Wolfgang e Diara ao pal\u00e1cio. Dom Pedro decide voltar para Portugal.<\/p>\n<p>(*) edi\u00e7\u00e3o da Rede Globo, Novela \u201cNovo Mundo\u201d, sujeito a altera\u00e7\u00e3o de data e conte\u00fado.<\/p>\n<p>Novo Mundo \u00e9 uma telenovela brasileira produzida pela Rede Globo. Escrita por Thereza Falc\u00e3o e Alessandro Marson, conta com dire\u00e7\u00e3o art\u00edstica de Vin\u00edcius Coimbra. Conta com as participa\u00e7\u00f5es de Isabelle Drummond, Chay Suede, Caio Castro, Let\u00edcia Colin, Leo Jaime, D\u00e9bora Olivieri, Rodrigo Simas, Giullia Buscacio, Vivianne Pasmanter, Guilherme Piva, R\u00f4mulo Estrela, Agatha Moreira, Luisa Micheletti, Gabriel Braga Nunes, e Ingrid Guimar\u00e3es.<\/p>\n","protected":false},"excerpt":{"rendered":"<p>Resumo novela \u201cNovo Mundo\u201d 08\/05: no cap\u00edtulo 041(*) da novela \u201cNovo Mundo\u201d, resumo de segunda-feira, 08 de maio, Thomas se surpreende com a not\u00edcia de que Dom Pedro ser\u00e1 obrigado a ir para Portugal. Leopoldina tenta apoiar Dom Pedro. Peter e Joaquim se empenham para impedir a partida do Pr\u00edncipe Regente. Anna tem um sonho [&hellip;]<\/p>\n","protected":false},"author":2,"featured_media":107950,"comment_status":"open","ping_status":"closed","sticky":false,"template":"","format":"standard","meta":{"tdm_status":"","tdm_grid_status":"","footnotes":""},"categories":[379,375,343],"tags":[441],"class_list":{"0":"post-112670","1":"post","2":"type-post","3":"status-publish","4":"format-standard","5":"has-post-thumbnail","7":"category-novelas","8":"category-rede-globo","9":"category-televisao","10":"tag-resumo-do-dia"},"_links":{"self":[{"href":"https:\/\/migracao.redenoticia.com.br\/noticia\/wp-json\/wp\/v2\/posts\/112670","targetHints":{"allow":["GET"]}}],"collection":[{"href":"https:\/\/migracao.redenoticia.com.br\/noticia\/wp-json\/wp\/v2\/posts"}],"about":[{"href":"https:\/\/migracao.redenoticia.com.br\/noticia\/wp-json\/wp\/v2\/types\/post"}],"author":[{"embeddable":true,"href":"https:\/\/migracao.redenoticia.com.br\/noticia\/wp-json\/wp\/v2\/users\/2"}],"replies":[{"embeddable":true,"href":"https:\/\/migracao.redenoticia.com.br\/noticia\/wp-json\/wp\/v2\/comments?post=112670"}],"version-history":[{"count":0,"href":"https:\/\/migracao.redenoticia.com.br\/noticia\/wp-json\/wp\/v2\/posts\/112670\/revisions"}],"wp:featuredmedia":[{"embeddable":true,"href":"https:\/\/migracao.redenoticia.com.br\/noticia\/wp-json\/wp\/v2\/media\/107950"}],"wp:attachment":[{"href":"https:\/\/migracao.redenoticia.com.br\/noticia\/wp-json\/wp\/v2\/media?parent=112670"}],"wp:term":[{"taxonomy":"category","embeddable":true,"href":"https:\/\/migracao.redenoticia.com.br\/noticia\/wp-json\/wp\/v2\/categories?post=112670"},{"taxonomy":"post_tag","embeddable":true,"href":"https:\/\/migracao.redenoticia.com.br\/noticia\/wp-json\/wp\/v2\/tags?post=112670"}],"curies":[{"name":"wp","href":"https:\/\/api.w.org\/{rel}","templated":true}]}}