{"id":1127,"date":"2009-05-03T19:27:40","date_gmt":"2009-05-03T23:27:40","guid":{"rendered":"http:\/\/www.redenoticia.com.br\/noticia\/?p=1127"},"modified":"2009-05-03T19:30:44","modified_gmt":"2009-05-03T23:30:44","slug":"municipio-tera-que-se-adequar-a-nova-lei-sobre-mamografia","status":"publish","type":"post","link":"https:\/\/migracao.redenoticia.com.br\/noticia\/2009\/municipio-tera-que-se-adequar-a-nova-lei-sobre-mamografia\/1127","title":{"rendered":"Munic\u00edpio ter\u00e1 que se adequar \u00e0 nova lei sobre mamografia"},"content":{"rendered":"<p class=\"MsoNormal\" style=\"background: white none repeat scroll 0%;\"><span style=\"font-family: Arial;\">Entrou em vigor na \u00faltima quarta-feira, 29, a lei que garante \u00e0s mulheres acima de 40 anos o direito de realiza\u00e7\u00e3o de mamografias pelo Sistema \u00danico de Sa\u00fade (SUS).<br \/>\n<\/span><\/p>\n<p class=\"MsoNormal\" style=\"margin: 3pt 12pt 7.5pt 0cm; background: white none repeat scroll 0%;\"><span style=\"font-family: Arial;\">A mamografia \u00e9 considerado um dos principais exames preventivos contra o c\u00e2ncer de mama. <\/span><\/p>\n<p class=\"MsoNormal\" style=\"margin: 3pt 12pt 7.5pt 0cm; background: white none repeat scroll 0%;\"><span style=\"font-family: Arial;\">No ano de 2008, o Instituto Nacional do C\u00e2ncer (Inca) estimava 49,4 mil novos casos no Pa\u00eds. Segundo o instituto, a doen\u00e7a \u00e9 relativamente rara antes dos 35 anos, mas a incid\u00eancia costuma ter aumento r\u00e1pido e progressivo a partir dessa idade. A rede p\u00fablica de sa\u00fade conta atualmente com 1.246 equipamentos, que realizaram 2,9 milh\u00f5es de exames em 2008, ao custo de R$ 115 milh\u00f5es.<\/span><\/p>\n<p class=\"MsoNormal\" style=\"margin: 3pt 12pt 7.5pt 0cm; background: white none repeat scroll 0%;\"><span style=\"font-family: Arial;\">Procurado, o Secret\u00e1rio de Sa\u00fade de Ji-Paran\u00e1 n\u00e3o foi encontrado mas a sua assessoria garantiu que ir\u00e1 informar como as pacientes ser\u00e3o atendidas.<\/span><\/p>\n","protected":false},"excerpt":{"rendered":"<p>Entrou em vigor na \u00faltima quarta-feira, 29, a lei que garante \u00e0s mulheres acima de 40 anos o direito de realiza\u00e7\u00e3o de mamografias pelo Sistema \u00danico de Sa\u00fade (SUS). A mamografia \u00e9 considerado um dos principais exames preventivos contra o c\u00e2ncer de mama. No ano de 2008, o Instituto Nacional do C\u00e2ncer (Inca) estimava 49,4 [&hellip;]<\/p>\n","protected":false},"author":3,"featured_media":0,"comment_status":"open","ping_status":"open","sticky":false,"template":"","format":"standard","meta":{"tdm_status":"","tdm_grid_status":"","footnotes":""},"categories":[22],"tags":[],"class_list":{"0":"post-1127","1":"post","2":"type-post","3":"status-publish","4":"format-standard","6":"category-brasil"},"_links":{"self":[{"href":"https:\/\/migracao.redenoticia.com.br\/noticia\/wp-json\/wp\/v2\/posts\/1127","targetHints":{"allow":["GET"]}}],"collection":[{"href":"https:\/\/migracao.redenoticia.com.br\/noticia\/wp-json\/wp\/v2\/posts"}],"about":[{"href":"https:\/\/migracao.redenoticia.com.br\/noticia\/wp-json\/wp\/v2\/types\/post"}],"author":[{"embeddable":true,"href":"https:\/\/migracao.redenoticia.com.br\/noticia\/wp-json\/wp\/v2\/users\/3"}],"replies":[{"embeddable":true,"href":"https:\/\/migracao.redenoticia.com.br\/noticia\/wp-json\/wp\/v2\/comments?post=1127"}],"version-history":[{"count":0,"href":"https:\/\/migracao.redenoticia.com.br\/noticia\/wp-json\/wp\/v2\/posts\/1127\/revisions"}],"wp:attachment":[{"href":"https:\/\/migracao.redenoticia.com.br\/noticia\/wp-json\/wp\/v2\/media?parent=1127"}],"wp:term":[{"taxonomy":"category","embeddable":true,"href":"https:\/\/migracao.redenoticia.com.br\/noticia\/wp-json\/wp\/v2\/categories?post=1127"},{"taxonomy":"post_tag","embeddable":true,"href":"https:\/\/migracao.redenoticia.com.br\/noticia\/wp-json\/wp\/v2\/tags?post=1127"}],"curies":[{"name":"wp","href":"https:\/\/api.w.org\/{rel}","templated":true}]}}