{"id":112706,"date":"2017-05-08T00:06:41","date_gmt":"2017-05-08T03:06:41","guid":{"rendered":"https:\/\/www.redenoticia.com.br\/noticia\/?p=112706"},"modified":"2017-05-06T16:35:42","modified_gmt":"2017-05-06T19:35:42","slug":"inscricoes-para-o-enem-2017-ate-19-de-maio","status":"publish","type":"post","link":"https:\/\/migracao.redenoticia.com.br\/noticia\/2017\/inscricoes-para-o-enem-2017-ate-19-de-maio\/112706","title":{"rendered":"Inscri\u00e7\u00f5es para o Enem 2017 at\u00e9 19 de maio"},"content":{"rendered":"<p> As inscri\u00e7\u00f5es para o Exame Nacional do Ensino M\u00e9dio (<strong><em>Enem<\/em><\/strong>) de 2017 come\u00e7am \u00e0s 10h desta segunda-feira (8) e terminam \u00e0s 23h59 do dia 19 de maio, pelo . A prova ser\u00e1 realizada em dois domingos consecutivos, nos dias 5 e 12 de novembro.<\/p>\n<p>No primeiro domingo, os estudantes far\u00e3o provas de ci\u00eancias humanas, linguagens e reda\u00e7\u00e3o. No segundo, as provas ser\u00e3o de matem\u00e1tica e ci\u00eancias da natureza.<\/p>\n<p>A taxa de inscri\u00e7\u00e3o para o Enem 2017 \u00e9 de R$ 82, que deve ser paga at\u00e9 o dia 24 de maio. Pelas regras do edital, est\u00e3o isentos da taxa os estudantes de escolas p\u00fablicas que concluir\u00e3o o ensino m\u00e9dio este ano, os participantes de baixa renda que integram o Cad\u00danico e os que se enquadram na Lei 12.799\/2013 que, entre outros crit\u00e9rios, isenta de pagamento aqueles com renda igual ou inferior a um sal\u00e1rio m\u00ednimo e meio, ou seja, R$ 1.405,50.<\/p>\n<p>Os resultados das provas poder\u00e3o ser usados em processos seletivos para vagas no ensino superior p\u00fablico, pelo Sistema de Sele\u00e7\u00e3o Unificada (Sisu), para bolsas de estudo em institui\u00e7\u00f5es privadas, pelo Programa Universidade para Todos (ProUni) e para obter financiamento pelo Fundo de Financiamento Estudantil (Fies).<\/p>\n<p>Andreia Verd\u00e9lio \u2013 Rep\u00f3rter da Ag\u00eancia Brasil<br \/>\nEdi\u00e7\u00e3o: L\u00edlian Beraldo<br \/>\n08\/05\/2017<\/p>\n","protected":false},"excerpt":{"rendered":"<p>As inscri\u00e7\u00f5es para o Exame Nacional do Ensino M\u00e9dio (Enem) de 2017 come\u00e7am \u00e0s 10h desta segunda-feira (8) e terminam \u00e0s 23h59 do dia 19 de maio, pelo . A prova ser\u00e1 realizada em dois domingos consecutivos, nos dias 5 e 12 de novembro. No primeiro domingo, os estudantes far\u00e3o provas de ci\u00eancias humanas, linguagens [&hellip;]<\/p>\n","protected":false},"author":2,"featured_media":36938,"comment_status":"open","ping_status":"closed","sticky":false,"template":"","format":"standard","meta":{"tdm_status":"","tdm_grid_status":"","footnotes":""},"categories":[22,370,295],"tags":[],"class_list":{"0":"post-112706","1":"post","2":"type-post","3":"status-publish","4":"format-standard","5":"has-post-thumbnail","7":"category-brasil","8":"category-inscricao","9":"category-vestibular"},"_links":{"self":[{"href":"https:\/\/migracao.redenoticia.com.br\/noticia\/wp-json\/wp\/v2\/posts\/112706","targetHints":{"allow":["GET"]}}],"collection":[{"href":"https:\/\/migracao.redenoticia.com.br\/noticia\/wp-json\/wp\/v2\/posts"}],"about":[{"href":"https:\/\/migracao.redenoticia.com.br\/noticia\/wp-json\/wp\/v2\/types\/post"}],"author":[{"embeddable":true,"href":"https:\/\/migracao.redenoticia.com.br\/noticia\/wp-json\/wp\/v2\/users\/2"}],"replies":[{"embeddable":true,"href":"https:\/\/migracao.redenoticia.com.br\/noticia\/wp-json\/wp\/v2\/comments?post=112706"}],"version-history":[{"count":0,"href":"https:\/\/migracao.redenoticia.com.br\/noticia\/wp-json\/wp\/v2\/posts\/112706\/revisions"}],"wp:featuredmedia":[{"embeddable":true,"href":"https:\/\/migracao.redenoticia.com.br\/noticia\/wp-json\/wp\/v2\/media\/36938"}],"wp:attachment":[{"href":"https:\/\/migracao.redenoticia.com.br\/noticia\/wp-json\/wp\/v2\/media?parent=112706"}],"wp:term":[{"taxonomy":"category","embeddable":true,"href":"https:\/\/migracao.redenoticia.com.br\/noticia\/wp-json\/wp\/v2\/categories?post=112706"},{"taxonomy":"post_tag","embeddable":true,"href":"https:\/\/migracao.redenoticia.com.br\/noticia\/wp-json\/wp\/v2\/tags?post=112706"}],"curies":[{"name":"wp","href":"https:\/\/api.w.org\/{rel}","templated":true}]}}