{"id":112762,"date":"2017-05-08T16:30:25","date_gmt":"2017-05-08T19:30:25","guid":{"rendered":"https:\/\/www.redenoticia.com.br\/noticia\/?p=112762"},"modified":"2017-05-08T16:00:58","modified_gmt":"2017-05-08T19:00:58","slug":"resumo-novela-rubi-0905-rubi-pede-a-helena-que-a-ajude-a-fugir","status":"publish","type":"post","link":"https:\/\/migracao.redenoticia.com.br\/noticia\/2017\/resumo-novela-rubi-0905-rubi-pede-a-helena-que-a-ajude-a-fugir\/112762","title":{"rendered":"Resumo novela \u201cRubi\u201d 09\/05: Rubi pede a Helena que a ajude a fugir"},"content":{"rendered":"<p><img loading=\"lazy\" decoding=\"async\" class=\"alignleft size-thumbnail wp-image-103954\" src=\"https:\/\/migracao.redenoticia.com.br\/noticia\/imagens\/rubi-resumo-novela-capitulo-sbt-150x112.jpg\" alt=\"\" width=\"150\" height=\"112\" \/><strong><em>Resumo novela \u201cRubi\u201d 09\/05<\/em><\/strong>: no cap\u00edtulo 082(*) da novela \u201cRubi\u201d, resumo de ter\u00e7a-feira, 09 de maio, Heitor se surpreende ao ver Rubi. Os dois discutem e Heitor deixa claro que se a perder ficar\u00e1 com o filho de Alessandro. Rubi, furiosa, responde que n\u00e3o vai se intimidar com suas chantagens, pois antes prefere se desfazer da crian\u00e7a. Chocado com a atitude de Rubi, o rapaz diz que s\u00f3 um monstro teria coragem de se desfazer do pr\u00f3prio filho. Marcos informa a Alessandro que o veneno com o qual tentaram envenen\u00e1-lo saiu do pr\u00f3prio hospital, por isso n\u00e3o pode ter sido Heitor. Rubi tenta convencer o marido de que \u00e9 o pai do filho que est\u00e1 esperando. Helena discute com Rubi, a esbofeteia e a acusa de ter mudado o comportamento de Heitor. Rubi pede a Helena que a ajude a fugir. A mo\u00e7a tenta convencer Heitor a deixar Rubi ir embora e lembra que \u00e9 ilegal mant\u00ea-la cativa. Helena procura Genaro e o coloca a par do que Heitor pretende fazer. Genaro vai at\u00e9 a casa de Heitor e leva Rubi para a casa de Alessandro. Genaro diz a In\u00e1cio que o filho que Rubi espera \u00e9 de Alessandro.<\/p>\n<p>(*) edi\u00e7\u00e3o do SBT, Novela \u201cRubi\u201d, sujeito a altera\u00e7\u00e3o de data e conte\u00fado.<\/p>\n<p>Rubi \u00e9 uma telenovela mexicana produzida por Jos\u00e9 Alberto Castro para a Televisa e exibida pelo Canal de las Estrellas entre 17 de maio e 22 de outubro de 2004, sucedendo Amarte es mi pecado e antecedendo Apuesta por un amor em 115 capitulos de 40 minutos. Adaptada por Ximena Su\u00e1rez, \u00e9 um remake da telenovela mexicana Rubi, de 1968, criada por Yolanda Vargas Dulch\u00e9. Seis anos ap\u00f3s lan\u00e7amento de Rub\u00ed, a telenovela Teresa foi acusada de pl\u00e1gio. V\u00e1rios sites apontam semelhan\u00e7as entre as duas telenovelas. Barbara Mori, Eduardo Santamarina, Sebasti\u00e1n Rulli, Jacqueline Bracamontes, Manuel Landeta, Sergio Goyri, Carlos C\u00e1mara, Yadhira Carrillo, Miguel Pizarro, Jos\u00e9 El\u00edas Moreno, Luis Gatica, Paty D\u00edaz, Ingrid Martz e Ana Mart\u00edn interpretam os papeis principais da trama.<\/p>\n","protected":false},"excerpt":{"rendered":"<p>Resumo novela \u201cRubi\u201d 09\/05: no cap\u00edtulo 082(*) da novela \u201cRubi\u201d, resumo de ter\u00e7a-feira, 09 de maio, Heitor se surpreende ao ver Rubi. Os dois discutem e Heitor deixa claro que se a perder ficar\u00e1 com o filho de Alessandro. Rubi, furiosa, responde que n\u00e3o vai se intimidar com suas chantagens, pois antes prefere se desfazer [&hellip;]<\/p>\n","protected":false},"author":4,"featured_media":103954,"comment_status":"open","ping_status":"closed","sticky":false,"template":"","format":"standard","meta":{"tdm_status":"","tdm_grid_status":"","footnotes":""},"categories":[379,372,343],"tags":[441],"class_list":{"0":"post-112762","1":"post","2":"type-post","3":"status-publish","4":"format-standard","5":"has-post-thumbnail","7":"category-novelas","8":"category-sbt","9":"category-televisao","10":"tag-resumo-do-dia"},"_links":{"self":[{"href":"https:\/\/migracao.redenoticia.com.br\/noticia\/wp-json\/wp\/v2\/posts\/112762","targetHints":{"allow":["GET"]}}],"collection":[{"href":"https:\/\/migracao.redenoticia.com.br\/noticia\/wp-json\/wp\/v2\/posts"}],"about":[{"href":"https:\/\/migracao.redenoticia.com.br\/noticia\/wp-json\/wp\/v2\/types\/post"}],"author":[{"embeddable":true,"href":"https:\/\/migracao.redenoticia.com.br\/noticia\/wp-json\/wp\/v2\/users\/4"}],"replies":[{"embeddable":true,"href":"https:\/\/migracao.redenoticia.com.br\/noticia\/wp-json\/wp\/v2\/comments?post=112762"}],"version-history":[{"count":0,"href":"https:\/\/migracao.redenoticia.com.br\/noticia\/wp-json\/wp\/v2\/posts\/112762\/revisions"}],"wp:featuredmedia":[{"embeddable":true,"href":"https:\/\/migracao.redenoticia.com.br\/noticia\/wp-json\/wp\/v2\/media\/103954"}],"wp:attachment":[{"href":"https:\/\/migracao.redenoticia.com.br\/noticia\/wp-json\/wp\/v2\/media?parent=112762"}],"wp:term":[{"taxonomy":"category","embeddable":true,"href":"https:\/\/migracao.redenoticia.com.br\/noticia\/wp-json\/wp\/v2\/categories?post=112762"},{"taxonomy":"post_tag","embeddable":true,"href":"https:\/\/migracao.redenoticia.com.br\/noticia\/wp-json\/wp\/v2\/tags?post=112762"}],"curies":[{"name":"wp","href":"https:\/\/api.w.org\/{rel}","templated":true}]}}