{"id":112764,"date":"2017-05-08T16:31:10","date_gmt":"2017-05-08T19:31:10","guid":{"rendered":"https:\/\/www.redenoticia.com.br\/noticia\/?p=112764"},"modified":"2017-05-08T16:01:54","modified_gmt":"2017-05-08T19:01:54","slug":"resumo-novela-o-que-a-vida-me-roubou-0905-fabiola-quer-saber-se-e-adotada","status":"publish","type":"post","link":"https:\/\/migracao.redenoticia.com.br\/noticia\/2017\/resumo-novela-o-que-a-vida-me-roubou-0905-fabiola-quer-saber-se-e-adotada\/112764","title":{"rendered":"Resumo novela \u201cO Que A Vida Me Roubou\u201d 09\/05: Fab\u00edola quer saber se \u00e9 adotada"},"content":{"rendered":"<p><img loading=\"lazy\" decoding=\"async\" src=\"https:\/\/migracao.redenoticia.com.br\/noticia\/imagens\/o-que-a-vida-me-roubou-novela-resumo-sbt-150x112.jpg\" alt=\"\" width=\"150\" height=\"112\" class=\"alignleft size-thumbnail wp-image-105656\" srcset=\"https:\/\/migracao.redenoticia.com.br\/noticia\/imagens\/o-que-a-vida-me-roubou-novela-resumo-sbt-150x112.jpg 150w, https:\/\/migracao.redenoticia.com.br\/noticia\/imagens\/o-que-a-vida-me-roubou-novela-resumo-sbt-265x198.jpg 265w\" sizes=\"auto, (max-width: 150px) 100vw, 150px\" \/><strong><em>Resumo novela \u201cO Que A Vida Me Roubou\u201d 09\/05<\/em><\/strong>: no cap\u00edtulo 072(*) da novela \u201cO Que A Vida Me Roubou\u201d, resumo de ter\u00e7a-feira, 09 de maio, tanto Ang\u00e9lica como Montserrat chegam ao escrit\u00f3rio de Pedro e ali encontram Jos\u00e9. Montserrat o acusa de querer prejudicar Alessandro. Ang\u00e9lica suplica que ele responda que isso n\u00e3o \u00e9 verdade. Pedro diz a Montserrat que Alessandro \u00e9 culpado e dever\u00e1 ficar por muitos anos na pris\u00e3o. Sandro diz a Fabiola que \u00e9 poss\u00edvel que ela n\u00e3o leve o sangue de Benjamin Almonte, pois Graziela conhecia sua \u201cm\u00e3e\u201d e sabia que ela era est\u00e9ril. Portanto, seguramente Fab\u00edola foi adotada. Jos\u00e9 Luis explica a Ang\u00e9lica que n\u00e3o mentiu quando disse que ia ajudar Alessandro. Alessandro vai ver Joaquim e eles se agarram a golpes, terminando ambos em uma cela de castigo. Jose Luis diz a Renato que chegou a pensar em levar Ang\u00e9lica para ver seu pai e pression\u00e1-lo a dizer a verdade, mas teme que ap\u00f3s isso Ang\u00e9lica termine muito afetada. Nadia e Victor fazem amor em uma cabana e Pedro os observa. Demetrio, muito orgulhoso, diz a sua m\u00e3e, a Josefina e a sua tia Carlota que come\u00e7ou a trabalhar na Marinha. Graziela diz a Demetrio que precisam celebrar esta grande not\u00edcia. Ele responde que ir\u00e1 celebrar, por\u00e9m com sua esposa. Josefina se surpreende. Esmeralda e Ang\u00e9lica preparam uma festa intima para seus respectivos maridos, tanto Jos\u00e9 Luis como Renato ficam encantados. Jos\u00e9 Luis e Ang\u00e9lica se abra\u00e7am e dizem o quanto se amam. Pedro tenta pressionar Alessandro para que ele confesse que \u00e9 culpado pelo cultivo de drogas e \u00e9 s\u00f3cio de Samuel. Alessandro resiste. Pedro, furioso, diz a Ezequiel que ele tem que obrigar Samuel se manter firme na confiss\u00e3o, acusando Alessandro. Jos\u00e9 Luis consegue falar com Samuel e diz saber que ele confessou que Alessandro \u00e9 seu s\u00f3cio. Samuel responde que desejam obrig\u00e1-lo a fazer isso, mas ele n\u00e3o o far\u00e1. Samuel diz que n\u00e3o tem motivos para se unir a Pedro nessa injusti\u00e7a, pois seu \u00fanico s\u00f3cio era Joaquim Arechiga. Jos\u00e9 Luis est\u00e1 desolado no hospital, pois Ang\u00e9lica est\u00e1 muito grave. Am\u00e9lia diz que sua filha n\u00e3o queria terminar assim. Nadia, chorando, diz a Pedro que se sente mal por usar Victor em seus planos sujos. Pedro, c\u00ednico, responde que esse \u00e9 o pre\u00e7o que tem que pagar por colocar os olhos em uma mulher que n\u00e3o \u00e9 pra ele. Nadia o diz que o odeia. Jos\u00e9 Luis pede a Renato que leve um recado a Montserrat, mas que n\u00e3o a diga que \u00e9 ele quem manda. Renato diz a Montserrat que \u00e9 urgente que fale com Alessandro e com seu advogado, e os diga que Samuel n\u00e3o assinou nenhuma confiss\u00e3o. Fabiola pede que Am\u00e1lia lhe explique porque Graziela disse que sua m\u00e3e n\u00e3o podia ter filhos. Ela pergunta se \u00e9 adotada.<\/p>\n<p>(*) edi\u00e7\u00e3o do SBT, Novela \u201cO Que A Vida Me Roubou\u201d, sujeito a altera\u00e7\u00e3o de data e conte\u00fado.<\/p>\n<p>Lo que la vida me rob\u00f3 (no Brasil, O Que a Vida Me Roubou) \u00e9 uma telenovela mexicana produzida por Angelli Nesma Medina para Televisa e exibida pelo Canal de las Estrellas entre 28 de outubro de 2013 e 27 de julho de 2014 em 196 cap\u00edtulos, substituindo La tempestad e sendo substitu\u00edda por Hasta el fin del mundo. A original \u00e9 de Caridad Bravo Adams, sendo esta um remake modernizado das novelas Bodas de odio e Amor real, produzidas em 1983 e 2003, respectivamente. Tem Angelique Boyer, Sebasti\u00e1n Rulli, Luis Roberto Guzm\u00e1n, Daniela Castro, Grettell Vald\u00e9z, Sergio Sendel e Lisset nos papeis principais.<\/p>\n","protected":false},"excerpt":{"rendered":"<p>Resumo novela \u201cO Que A Vida Me Roubou\u201d 09\/05: no cap\u00edtulo 072(*) da novela \u201cO Que A Vida Me Roubou\u201d, resumo de ter\u00e7a-feira, 09 de maio, tanto Ang\u00e9lica como Montserrat chegam ao escrit\u00f3rio de Pedro e ali encontram Jos\u00e9. Montserrat o acusa de querer prejudicar Alessandro. Ang\u00e9lica suplica que ele responda que isso n\u00e3o \u00e9 [&hellip;]<\/p>\n","protected":false},"author":4,"featured_media":105656,"comment_status":"open","ping_status":"closed","sticky":false,"template":"","format":"standard","meta":{"tdm_status":"","tdm_grid_status":"","footnotes":""},"categories":[379,372,343],"tags":[441],"class_list":{"0":"post-112764","1":"post","2":"type-post","3":"status-publish","4":"format-standard","5":"has-post-thumbnail","7":"category-novelas","8":"category-sbt","9":"category-televisao","10":"tag-resumo-do-dia"},"_links":{"self":[{"href":"https:\/\/migracao.redenoticia.com.br\/noticia\/wp-json\/wp\/v2\/posts\/112764","targetHints":{"allow":["GET"]}}],"collection":[{"href":"https:\/\/migracao.redenoticia.com.br\/noticia\/wp-json\/wp\/v2\/posts"}],"about":[{"href":"https:\/\/migracao.redenoticia.com.br\/noticia\/wp-json\/wp\/v2\/types\/post"}],"author":[{"embeddable":true,"href":"https:\/\/migracao.redenoticia.com.br\/noticia\/wp-json\/wp\/v2\/users\/4"}],"replies":[{"embeddable":true,"href":"https:\/\/migracao.redenoticia.com.br\/noticia\/wp-json\/wp\/v2\/comments?post=112764"}],"version-history":[{"count":0,"href":"https:\/\/migracao.redenoticia.com.br\/noticia\/wp-json\/wp\/v2\/posts\/112764\/revisions"}],"wp:featuredmedia":[{"embeddable":true,"href":"https:\/\/migracao.redenoticia.com.br\/noticia\/wp-json\/wp\/v2\/media\/105656"}],"wp:attachment":[{"href":"https:\/\/migracao.redenoticia.com.br\/noticia\/wp-json\/wp\/v2\/media?parent=112764"}],"wp:term":[{"taxonomy":"category","embeddable":true,"href":"https:\/\/migracao.redenoticia.com.br\/noticia\/wp-json\/wp\/v2\/categories?post=112764"},{"taxonomy":"post_tag","embeddable":true,"href":"https:\/\/migracao.redenoticia.com.br\/noticia\/wp-json\/wp\/v2\/tags?post=112764"}],"curies":[{"name":"wp","href":"https:\/\/api.w.org\/{rel}","templated":true}]}}