{"id":112768,"date":"2017-05-08T16:32:53","date_gmt":"2017-05-08T19:32:53","guid":{"rendered":"https:\/\/www.redenoticia.com.br\/noticia\/?p=112768"},"modified":"2017-05-08T16:03:35","modified_gmt":"2017-05-08T19:03:35","slug":"resumo-novela-chiquititas-0905-valentina-reencontra-o-filho-miguel","status":"publish","type":"post","link":"https:\/\/migracao.redenoticia.com.br\/noticia\/2017\/resumo-novela-chiquititas-0905-valentina-reencontra-o-filho-miguel\/112768","title":{"rendered":"Resumo novela \u201cChiquititas\u201d 09\/05: Valentina reencontra o filho Miguel"},"content":{"rendered":"<p><img loading=\"lazy\" decoding=\"async\" class=\"alignleft size-thumbnail wp-image-49690\" src=\"https:\/\/migracao.redenoticia.com.br\/noticia\/imagens\/chiquititas1-150x112.jpg\" alt=\"chiquititas\" width=\"150\" height=\"112\" \/><strong><em>Resumo novela \u201cChiquititas\u201d 09\/05<\/em><\/strong>: no cap\u00edtulo 171(*) da novela \u201cChiquititas\u201d, resumo de ter\u00e7a-feira, 09 de maio, Pata quer que seu cabelo fique liso, pois nenhuma menina do orfanato tem cabelo enrolado. A chiquitita pesquisa tratamentos para alisar as madeixas, enquanto as demais pequeninas tentam convencer Pata a lavar os cabelos e assumir os cachos. Os meninos encontram o envelope com o dinheiro no quarto de Ernestina, que na verdade \u00e9 Matilde. Eles contam para Chico que ela pegou o dinheiro para ela. Carmem vai ao orfanato, diz que Matilde est\u00e1 do lado de Cintia e n\u00e3o do dela. Carmem amea\u00e7a Matilde e diz que se em 24 horas ela n\u00e3o trouxer alguma informa\u00e7\u00e3o \u00fatil sobre Cintia, contar\u00e1 para todos que ela \u00e9 Matilde e n\u00e3o Ernestina. Valentina vai at\u00e9 a igreja abandonada e fica emocionada ao perceber que Miguel est\u00e1 vivo. Os dois choram e se abra\u00e7am. Miguel diz que sobreviveu ao acidente e que est\u00e1 de volta para reencontrar a m\u00e3e, seu filho e Gabriela. Ele explica que est\u00e1 com uma m\u00e1scara para esconder a cicatriz do acidente. Pata compra produtos para alisar os cabelos e acaba desmaiando com o cheiro da qu\u00edmica. Chico diz para Ernestina que descobriu que ela mentiu sobre o dinheiro e que enganou ele esse tempo todo. Chico diz que apesar de tudo perdoa ela, mas o namoro dos dois est\u00e1 acabado. Maria encontra Pata desmaiada e vai atr\u00e1s das demais Chiquititas para ajuda-la, que est\u00e1 desmaiada no banheiro. Miguel diz para Valentina que depois que seu helic\u00f3ptero caiu na Floresta Amaz\u00f4nica, ele foi mantido prisioneiro de um grupo revolucion\u00e1rio guerrilheiro. O rapaz diz que embora tenha sido maltratado, conseguiu fugir ap\u00f3s 13 anos. Miguel revela para Valentina que a queda n\u00e3o foi um acidente, mas uma emboscada armada por Jos\u00e9 Ricardo para acabar com a vida dele. Valentina n\u00e3o acredita nisso. Miguel pede para Valentina n\u00e3o contar para ningu\u00e9m que ele est\u00e1 vivo. Valentina conta que desde o acidente dele, Gabriela entrou num profundo bloqueio psicol\u00f3gico que aparentemente lhe impede de reconhecer as pessoas. Miguel diz que ainda ama Gabriela e que precisam fazer de tudo para que ela volte ao seu estado normal.<\/p>\n<p>(*) edi\u00e7\u00e3o do SBT, Novela \u201cChiquititas\u201d, sujeito a altera\u00e7\u00e3o de data e conte\u00fado.<\/p>\n<p>Chiquititas gira em torno do orfanato Raio de Luz, que carrega em sua hist\u00f3ria um grande segredo envolvendo a fam\u00edlia e o dono do orfanato, Dr. Jos\u00e9 Ricardo Almeida Campos. Em um per\u00edodo anterior \u00e0 novela, exatos treze anos, sua filha Gabriela se apaixonou e ficou gr\u00e1vida de Miguel, filho de Valentina, empregada da casa dos Almeida Campos. Pouco depois, Jos\u00e9 Ricardo sequestrou sua neta, pois, como um homem conservador, ele n\u00e3o aceitava a ideia de que sua filha se envolvesse com um empregado. Como sua neta, Milena, apelidada como Mili, precisava de um lugar para morar, ele comprou um casar\u00e3o e fundou um orfanato, o Raio de Luz. Mili cresceu l\u00e1 com outras garotas que chegaram posteriormente: Bia, Ana, as irm\u00e3s Tati e Vivi, e Cris. Ao decorrer dos anos, elas se tornam uma fam\u00edlia. Elas s\u00e3o supervisionadas por Ernestina, zeladora do orfanato, e Chico, o cozinheiro amado pelas internas. Sofia, ex-governanta da fam\u00edlia Almeida Campos, \u00e9 a diretora do lugar, at\u00e9 que Carmem, irm\u00e3 de Jos\u00e9 Ricardo, entre em seu lugar. Chegam ainda mais \u00f3rf\u00e3os: Pata, Mosca, Binho e Rafa, que viviam nas ruas antes de entrarem na institui\u00e7\u00e3o. Pata e Mili tornam-se amigas rapidamente, enquanto Mosca, Binho e Rafa s\u00e3o os primeiros garotos a entrar no abrigo. As crian\u00e7as sem-teto foram ajudadas por uma doce e bela garota que tocam e mudam a vida delas, assim como as das garotas \u00f3rf\u00e3s.<\/p>\n","protected":false},"excerpt":{"rendered":"<p>Resumo novela \u201cChiquititas\u201d 09\/05: no cap\u00edtulo 171(*) da novela \u201cChiquititas\u201d, resumo de ter\u00e7a-feira, 09 de maio, Pata quer que seu cabelo fique liso, pois nenhuma menina do orfanato tem cabelo enrolado. A chiquitita pesquisa tratamentos para alisar as madeixas, enquanto as demais pequeninas tentam convencer Pata a lavar os cabelos e assumir os cachos. Os [&hellip;]<\/p>\n","protected":false},"author":4,"featured_media":49690,"comment_status":"open","ping_status":"closed","sticky":false,"template":"","format":"standard","meta":{"tdm_status":"","tdm_grid_status":"","footnotes":""},"categories":[409,379,372,343],"tags":[441],"class_list":{"0":"post-112768","1":"post","2":"type-post","3":"status-publish","4":"format-standard","5":"has-post-thumbnail","7":"category-chiquititas","8":"category-novelas","9":"category-sbt","10":"category-televisao","11":"tag-resumo-do-dia"},"_links":{"self":[{"href":"https:\/\/migracao.redenoticia.com.br\/noticia\/wp-json\/wp\/v2\/posts\/112768","targetHints":{"allow":["GET"]}}],"collection":[{"href":"https:\/\/migracao.redenoticia.com.br\/noticia\/wp-json\/wp\/v2\/posts"}],"about":[{"href":"https:\/\/migracao.redenoticia.com.br\/noticia\/wp-json\/wp\/v2\/types\/post"}],"author":[{"embeddable":true,"href":"https:\/\/migracao.redenoticia.com.br\/noticia\/wp-json\/wp\/v2\/users\/4"}],"replies":[{"embeddable":true,"href":"https:\/\/migracao.redenoticia.com.br\/noticia\/wp-json\/wp\/v2\/comments?post=112768"}],"version-history":[{"count":0,"href":"https:\/\/migracao.redenoticia.com.br\/noticia\/wp-json\/wp\/v2\/posts\/112768\/revisions"}],"wp:featuredmedia":[{"embeddable":true,"href":"https:\/\/migracao.redenoticia.com.br\/noticia\/wp-json\/wp\/v2\/media\/49690"}],"wp:attachment":[{"href":"https:\/\/migracao.redenoticia.com.br\/noticia\/wp-json\/wp\/v2\/media?parent=112768"}],"wp:term":[{"taxonomy":"category","embeddable":true,"href":"https:\/\/migracao.redenoticia.com.br\/noticia\/wp-json\/wp\/v2\/categories?post=112768"},{"taxonomy":"post_tag","embeddable":true,"href":"https:\/\/migracao.redenoticia.com.br\/noticia\/wp-json\/wp\/v2\/tags?post=112768"}],"curies":[{"name":"wp","href":"https:\/\/api.w.org\/{rel}","templated":true}]}}