{"id":112774,"date":"2017-05-09T00:05:07","date_gmt":"2017-05-09T03:05:07","guid":{"rendered":"https:\/\/www.redenoticia.com.br\/noticia\/?p=112774"},"modified":"2017-05-08T16:06:10","modified_gmt":"2017-05-08T19:06:10","slug":"pos-doutorado-em-microbiologia-de-solos-na-ufscar-com-bolsa-da-fapesp","status":"publish","type":"post","link":"https:\/\/migracao.redenoticia.com.br\/noticia\/2017\/pos-doutorado-em-microbiologia-de-solos-na-ufscar-com-bolsa-da-fapesp\/112774","title":{"rendered":"P\u00f3s-Doutorado em Microbiologia de Solos na UFSCar com Bolsa da FAPESP"},"content":{"rendered":"<p> Ag\u00eancia FAPESP \u2013 A Universidade Federal de S\u00e3o Carlos (UFSCar) oferece uma oportunidade de <strong><em>P\u00f3s-Doutorado em Microbiologia de Solos<\/em><\/strong> com Bolsa da FAPESP. O prazo de inscri\u00e7\u00e3o encerra em 13 de maio. A bolsa est\u00e1 vinculada ao Projeto Tem\u00e1tico &#8220;&#8221;, realizado no \u00e2mbito do Programa FAPESP de Pesquisa sobre Mudan\u00e7as Clim\u00e1ticas Globais (PFPMCG).<\/p>\n<p>O objetivo deste projeto \u00e9 avaliar as consequ\u00eancias ambientais de mudan\u00e7a do uso do solo de pastagem para canaviais e intensifica\u00e7\u00e3o de pastagens, abordando como essa mudan\u00e7a afeta a din\u00e2mica da \u00e1gua, carbono, nitrog\u00eanio e f\u00f3sforo.<\/p>\n<p>Os interessados devem ser qualificados e capazes de desenvolver pesquisas com foco nas consequ\u00eancias ambientais da altera\u00e7\u00e3o do uso do solo, de pastagem para planta\u00e7\u00e3o de cana-de-a\u00e7\u00facar e intensifica\u00e7\u00e3o de pastagem. O bolsista selecionado desenvolver\u00e1 o trabalho em Sorocaba.<\/p>\n<p>Os candidatos devem ter doutorado ou PhD em Ci\u00eancia do Solo, Microbiologia ou Biologia Molecular, com foco em Microbiologia de Solos Agr\u00edcolas e aspectos ecol\u00f3gicos dos grupos microbianos envolvidos nos principais ciclos biogeoqu\u00edmicos, como carbono e nitrog\u00eanio.<\/p>\n<p>\u00c9 necess\u00e1rio, ainda, experi\u00eancia em t\u00e9cnicas de biologia molecular, entre elas extra\u00e7\u00e3o de RNA e DNA, PCR quantitativo, sequenciamento de nova gera\u00e7\u00e3o e ferramentas de an\u00e1lise de dados, al\u00e9m de ter registro de publica\u00e7\u00f5es em revistas especializadas de qualidade e alto impacto.<\/p>\n<p>Os candidatos devem enviar Curr\u00edculo Lattes atualizado, carta de apresenta\u00e7\u00e3o indicando a raz\u00e3o de interesse na bolsa, com um breve relato de sua experi\u00eancia, e duas cartas de refer\u00eancia para Jana\u00edna Braga do Carmo, uma das pesquisadoras principais do projeto, no endere\u00e7o jbcarmo2008@gmail.com.<\/p>\n<p>A oportunidade est\u00e1 publicada em .<\/p>\n<p>Os selecionados receber\u00e3o bolsa de P\u00f3s-Doutorado da FAPESP no valor de R$ 6.819,30 mensais e Reserva T\u00e9cnica. A Reserva T\u00e9cnica da bolsa de PD equivale a 15% do valor anual da bolsa e tem o objetivo de atender a despesas imprevistas e diretamente relacionadas \u00e0 atividade de pesquisa.<\/p>\n<p>Caso o bolsista resida em domic\u00edlio diferente e precise se mudar para a cidade onde se localiza a institui\u00e7\u00e3o-sede da pesquisa, poder\u00e1 ter direito a um Aux\u00edlio-Instala\u00e7\u00e3o.<\/p>\n<p>Mais informa\u00e7\u00f5es sobre a bolsa de P\u00f3s-Doutorado da FAPESP est\u00e3o dispon\u00edveis em .<\/p>\n<p>Outras vagas de bolsas de P\u00f3s-Doutorado, em diversas \u00e1reas do conhecimento, est\u00e3o no site .<\/p>\n","protected":false},"excerpt":{"rendered":"<p>Ag\u00eancia FAPESP \u2013 A Universidade Federal de S\u00e3o Carlos (UFSCar) oferece uma oportunidade de P\u00f3s-Doutorado em Microbiologia de Solos com Bolsa da FAPESP. O prazo de inscri\u00e7\u00e3o encerra em 13 de maio. A bolsa est\u00e1 vinculada ao Projeto Tem\u00e1tico &#8220;&#8221;, realizado no \u00e2mbito do Programa FAPESP de Pesquisa sobre Mudan\u00e7as Clim\u00e1ticas Globais (PFPMCG). O objetivo [&hellip;]<\/p>\n","protected":false},"author":2,"featured_media":34767,"comment_status":"open","ping_status":"closed","sticky":false,"template":"","format":"standard","meta":{"tdm_status":"","tdm_grid_status":"","footnotes":""},"categories":[22,351,370],"tags":[],"class_list":{"0":"post-112774","1":"post","2":"type-post","3":"status-publish","4":"format-standard","5":"has-post-thumbnail","7":"category-brasil","8":"category-cursos","9":"category-inscricao"},"_links":{"self":[{"href":"https:\/\/migracao.redenoticia.com.br\/noticia\/wp-json\/wp\/v2\/posts\/112774","targetHints":{"allow":["GET"]}}],"collection":[{"href":"https:\/\/migracao.redenoticia.com.br\/noticia\/wp-json\/wp\/v2\/posts"}],"about":[{"href":"https:\/\/migracao.redenoticia.com.br\/noticia\/wp-json\/wp\/v2\/types\/post"}],"author":[{"embeddable":true,"href":"https:\/\/migracao.redenoticia.com.br\/noticia\/wp-json\/wp\/v2\/users\/2"}],"replies":[{"embeddable":true,"href":"https:\/\/migracao.redenoticia.com.br\/noticia\/wp-json\/wp\/v2\/comments?post=112774"}],"version-history":[{"count":0,"href":"https:\/\/migracao.redenoticia.com.br\/noticia\/wp-json\/wp\/v2\/posts\/112774\/revisions"}],"wp:featuredmedia":[{"embeddable":true,"href":"https:\/\/migracao.redenoticia.com.br\/noticia\/wp-json\/wp\/v2\/media\/34767"}],"wp:attachment":[{"href":"https:\/\/migracao.redenoticia.com.br\/noticia\/wp-json\/wp\/v2\/media?parent=112774"}],"wp:term":[{"taxonomy":"category","embeddable":true,"href":"https:\/\/migracao.redenoticia.com.br\/noticia\/wp-json\/wp\/v2\/categories?post=112774"},{"taxonomy":"post_tag","embeddable":true,"href":"https:\/\/migracao.redenoticia.com.br\/noticia\/wp-json\/wp\/v2\/tags?post=112774"}],"curies":[{"name":"wp","href":"https:\/\/api.w.org\/{rel}","templated":true}]}}