{"id":112786,"date":"2017-05-09T00:08:01","date_gmt":"2017-05-09T03:08:01","guid":{"rendered":"https:\/\/www.redenoticia.com.br\/noticia\/?p=112786"},"modified":"2017-05-08T16:08:45","modified_gmt":"2017-05-08T19:08:45","slug":"gripe-a-19-dias-do-fim-da-campanha-275-do-publico-alvo-receberam-vacina","status":"publish","type":"post","link":"https:\/\/migracao.redenoticia.com.br\/noticia\/2017\/gripe-a-19-dias-do-fim-da-campanha-275-do-publico-alvo-receberam-vacina\/112786","title":{"rendered":"Gripe: a 19 dias do fim da campanha, 27,5% do p\u00fablico-alvo receberam vacina"},"content":{"rendered":"<p> Faltando menos de 20 dias para o fim da Campanha Nacional de <strong><em>Vacina\u00e7\u00e3o Contra Gripe<\/em><\/strong>, apenas 13,6 milh\u00f5es de brasileiros procuraram os postos de sa\u00fade em todo o pa\u00eds, segundo o Minist\u00e9rio da Sa\u00fade. O n\u00famero representa 27,5% do p\u00fablico-alvo, formado por 54,2 milh\u00f5es de pessoas consideradas mais vulner\u00e1veis \u00e0s complica\u00e7\u00f5es da gripe.<\/p>\n<p>A meta do governo, neste ano, \u00e9 vacinar 90% desse p\u00fablico at\u00e9 o dia 26 de maio, quando termina a campanha. O Dia D de mobiliza\u00e7\u00e3o nacional para vacina\u00e7\u00e3o ocorrer\u00e1 no pr\u00f3ximo s\u00e1bado (13). O Minist\u00e9rio da Sa\u00fade adquiriu 60 milh\u00f5es de doses da vacina e alerta sobre a import\u00e2ncia do p\u00fablico-alvo se imunizar dentro do prazo para evitar a gripe e seus poss\u00edveis agravamentos.<\/p>\n<p>Os estados do Sul, Paran\u00e1 (53,1%), Rio Grande do Sul (47,2%) e Santa Catarina (43,3%) est\u00e3o com a maior cobertura vacinal do pa\u00eds, at\u00e9 o momento. J\u00e1 os estados com menor cobertura s\u00e3o: Piau\u00ed (10,1%), Par\u00e1 (11,4%) Mato Grosso do Sul (11,6%), Roraima (12,1%) e Alagoas (15,7%).<\/p>\n<p>Entre os p\u00fablicos-alvo, os profissionais de sa\u00fade registraram a maior cobertura vacinal, com 1,5 milh\u00e3o de doses aplicadas, o que representa 37,3% deste p\u00fablico, seguindo pelos idosos (34,5%) e pu\u00e9rperas (30,7%). Os grupos que menos se vacinaram s\u00e3o ind\u00edgenas (13,9%), crian\u00e7as (15,9%), professores (16,6%) e gestantes (22,9%).<\/p>\n<p>Desde o dia 17 de abril, a vacina contra a gripe est\u00e1 dispon\u00edvel nos postos de vacina\u00e7\u00e3o para crian\u00e7as de seis meses a menores de cinco anos, pessoas com 60 anos ou mais, trabalhadores de sa\u00fade, ind\u00edgenas, gestantes, pu\u00e9rperas (at\u00e9 45 dias ap\u00f3s o parto), popula\u00e7\u00e3o privada de liberdade, funcion\u00e1rios do sistema prisional, pessoas portadoras de doen\u00e7as cr\u00f4nicas n\u00e3o transmiss\u00edveis ou com outras condi\u00e7\u00f5es cl\u00ednicas especiais, al\u00e9m dos professores.<\/p>\n<p>Este \u00e9 o primeiro ano em que professores, tanto da rede p\u00fablica como privada, integram o p\u00fablico-alvo da campanha. Cerca de 2,3 milh\u00f5es de profissionais da educa\u00e7\u00e3o poder\u00e3o se vacinar contra a gripe. \u201cA medida refor\u00e7a a import\u00e2ncia do profissional de educa\u00e7\u00e3o na estrat\u00e9gia de imuniza\u00e7\u00e3o, j\u00e1 que os professores t\u00eam contato di\u00e1rio com dezenas de pessoas e assumem papel de destaque ao proteger sua pr\u00f3pria sa\u00fade, servindo de exemplo para seus alunos e a comunidade escolar\u201d, informou o minist\u00e9rio, em nota.<\/p>\n<p>Da Ag\u00eancia Brasil<br \/>\nEdi\u00e7\u00e3o: Denise Griesinger<br \/>\n09\/05\/2017<\/p>\n","protected":false},"excerpt":{"rendered":"<p>Faltando menos de 20 dias para o fim da Campanha Nacional de Vacina\u00e7\u00e3o Contra Gripe, apenas 13,6 milh\u00f5es de brasileiros procuraram os postos de sa\u00fade em todo o pa\u00eds, segundo o Minist\u00e9rio da Sa\u00fade. O n\u00famero representa 27,5% do p\u00fablico-alvo, formado por 54,2 milh\u00f5es de pessoas consideradas mais vulner\u00e1veis \u00e0s complica\u00e7\u00f5es da gripe. A meta [&hellip;]<\/p>\n","protected":false},"author":2,"featured_media":34747,"comment_status":"open","ping_status":"closed","sticky":false,"template":"","format":"standard","meta":{"tdm_status":"","tdm_grid_status":"","footnotes":""},"categories":[22,5],"tags":[],"class_list":{"0":"post-112786","1":"post","2":"type-post","3":"status-publish","4":"format-standard","5":"has-post-thumbnail","7":"category-brasil","8":"category-saude-e-vida"},"_links":{"self":[{"href":"https:\/\/migracao.redenoticia.com.br\/noticia\/wp-json\/wp\/v2\/posts\/112786","targetHints":{"allow":["GET"]}}],"collection":[{"href":"https:\/\/migracao.redenoticia.com.br\/noticia\/wp-json\/wp\/v2\/posts"}],"about":[{"href":"https:\/\/migracao.redenoticia.com.br\/noticia\/wp-json\/wp\/v2\/types\/post"}],"author":[{"embeddable":true,"href":"https:\/\/migracao.redenoticia.com.br\/noticia\/wp-json\/wp\/v2\/users\/2"}],"replies":[{"embeddable":true,"href":"https:\/\/migracao.redenoticia.com.br\/noticia\/wp-json\/wp\/v2\/comments?post=112786"}],"version-history":[{"count":0,"href":"https:\/\/migracao.redenoticia.com.br\/noticia\/wp-json\/wp\/v2\/posts\/112786\/revisions"}],"wp:featuredmedia":[{"embeddable":true,"href":"https:\/\/migracao.redenoticia.com.br\/noticia\/wp-json\/wp\/v2\/media\/34747"}],"wp:attachment":[{"href":"https:\/\/migracao.redenoticia.com.br\/noticia\/wp-json\/wp\/v2\/media?parent=112786"}],"wp:term":[{"taxonomy":"category","embeddable":true,"href":"https:\/\/migracao.redenoticia.com.br\/noticia\/wp-json\/wp\/v2\/categories?post=112786"},{"taxonomy":"post_tag","embeddable":true,"href":"https:\/\/migracao.redenoticia.com.br\/noticia\/wp-json\/wp\/v2\/tags?post=112786"}],"curies":[{"name":"wp","href":"https:\/\/api.w.org\/{rel}","templated":true}]}}