{"id":112839,"date":"2017-05-10T00:04:40","date_gmt":"2017-05-10T03:04:40","guid":{"rendered":"https:\/\/www.redenoticia.com.br\/noticia\/?p=112839"},"modified":"2017-05-09T16:00:25","modified_gmt":"2017-05-09T19:00:25","slug":"fatecs-abrem-inscricoes-para-o-vestibular-nesta-quinta-feira-11","status":"publish","type":"post","link":"https:\/\/migracao.redenoticia.com.br\/noticia\/2017\/fatecs-abrem-inscricoes-para-o-vestibular-nesta-quinta-feira-11\/112839","title":{"rendered":"Fatecs abrem inscri\u00e7\u00f5es para o vestibular nesta quinta-feira (11)"},"content":{"rendered":"<p> As inscri\u00e7\u00f5es para o <strong><em>vestibular das Faculdades de Tecnologia do Estado<\/em><\/strong> (Fatecs) podem ser feitas a partir da pr\u00f3xima quinta-feira (11) at\u00e9 as 15h de 12 de junho. Para se inscrever \u00e9 preciso possuir o diploma do Ensino M\u00e9dio ou ter conclu\u00eddo o curso at\u00e9 a data da matr\u00edcula. As provas v\u00e3o ser realizadas no dia 2 de julho.<\/p>\n<p>Est\u00e3o dispon\u00edveis 15.010 vagas, incluindo as 960 reservadas para ensino \u00e0 dist\u00e2ncia, entre os 73 cursos de gradua\u00e7\u00e3o tecnol\u00f3gica. A novidade do vestibular s\u00e3o as vagas para os cursos noturnos de Gest\u00e3o Comercial e de Sistemas para Internet, oferecidos, respectivamente, pelas \u00a0futuras Fatecs de Araraquara e Araras (40 vagas para cada curso).<\/p>\n<p>Al\u00e9m disso, cinco Fatecs oferecem cursos novos: Fatec Jaboticabal, Gest\u00e3o Ambiental, com 40 vagas para o per\u00edodo noturno; Fatec Jales, An\u00e1lise e Desenvolvimento de Sistemas, 40 vagas, pela manh\u00e3; Fatecs Pindamonhagaba e Ribeir\u00e3o Preto, Gest\u00e3o de Neg\u00f3cios e Inova\u00e7\u00e3o, 40 vagas \u00e0 noite; e Fatec Sert\u00e3ozinho, Mecatr\u00f4nica Industrial, 40 vagas de manh\u00e3.<\/p>\n<p>As inscri\u00e7\u00f5es devem ser feitas exclusivamente pelo \u00a0at\u00e9 as 15h do dia 12 de junho. Os candidatos precisam preencher a ficha de inscri\u00e7\u00e3o e o question\u00e1rio de condi\u00e7\u00e3o s\u00f3cio-econ\u00f4mico, imprimir o boleto e pagar uma taxa de R$ 75 em qualquer ag\u00eancia banc\u00e1ria. A op\u00e7\u00e3o pelo curso tamb\u00e9m deve ser feita no ato da inscri\u00e7\u00e3o.<\/p>\n<p>O candidato com defici\u00eancia que precise de condi\u00e7\u00f5es especiais para fazer a prova deve mencionar sua necessidade na ficha de inscri\u00e7\u00e3o eletr\u00f4nica, acompanhado de laudo m\u00e9dico, emitido por especialista, que deve ser enviado para um link espec\u00edfico na \u00e1rea do candidato, at\u00e9 as 15h do dia 12 de junho.<\/p>\n<p>Os candidatos que pediram isen\u00e7\u00e3o da taxa de inscri\u00e7\u00e3o ter\u00e3o as resposta dos seus pedidos no dia 11 de junho, primeiro dia das inscri\u00e7\u00f5es, e precisam fazer a op\u00e7\u00e3o para apenas um \u00fanico curso da Fatec de sua prefer\u00eancia.<\/p>\n<p>Candidatos afro-descendentes t\u00eam direito a acrescentar 3% de pontos \u00e0 nota oficial do exame e os oriundos de escola p\u00fablica, 10%, de acordo com o crit\u00e9rio do Sistema de Pontua\u00e7\u00e3o Acrescida do Centro Paula Souza. Se o candidato estiver nessas duas condi\u00e7\u00f5es ter\u00e1 direito a acr\u00e9scimo de 13%.<\/p>\n<p>As Faculdades de Tecnologia e Escolas T\u00e9cnicas do Estado s\u00e3o administradas pelo Centro Paula Souza, em mais de 300 munic\u00edpios paulistas. Estudam nas Fatecs cerca de 80 mil alunos nos cursos de gradua\u00e7\u00e3o tecnol\u00f3gica.<\/p>\n<p>Do Portal do Governo SP<\/p>\n","protected":false},"excerpt":{"rendered":"<p>As inscri\u00e7\u00f5es para o vestibular das Faculdades de Tecnologia do Estado (Fatecs) podem ser feitas a partir da pr\u00f3xima quinta-feira (11) at\u00e9 as 15h de 12 de junho. Para se inscrever \u00e9 preciso possuir o diploma do Ensino M\u00e9dio ou ter conclu\u00eddo o curso at\u00e9 a data da matr\u00edcula. As provas v\u00e3o ser realizadas no [&hellip;]<\/p>\n","protected":false},"author":2,"featured_media":36244,"comment_status":"open","ping_status":"closed","sticky":false,"template":"","format":"standard","meta":{"tdm_status":"","tdm_grid_status":"","footnotes":""},"categories":[22,370,295],"tags":[],"class_list":{"0":"post-112839","1":"post","2":"type-post","3":"status-publish","4":"format-standard","5":"has-post-thumbnail","7":"category-brasil","8":"category-inscricao","9":"category-vestibular"},"_links":{"self":[{"href":"https:\/\/migracao.redenoticia.com.br\/noticia\/wp-json\/wp\/v2\/posts\/112839","targetHints":{"allow":["GET"]}}],"collection":[{"href":"https:\/\/migracao.redenoticia.com.br\/noticia\/wp-json\/wp\/v2\/posts"}],"about":[{"href":"https:\/\/migracao.redenoticia.com.br\/noticia\/wp-json\/wp\/v2\/types\/post"}],"author":[{"embeddable":true,"href":"https:\/\/migracao.redenoticia.com.br\/noticia\/wp-json\/wp\/v2\/users\/2"}],"replies":[{"embeddable":true,"href":"https:\/\/migracao.redenoticia.com.br\/noticia\/wp-json\/wp\/v2\/comments?post=112839"}],"version-history":[{"count":0,"href":"https:\/\/migracao.redenoticia.com.br\/noticia\/wp-json\/wp\/v2\/posts\/112839\/revisions"}],"wp:featuredmedia":[{"embeddable":true,"href":"https:\/\/migracao.redenoticia.com.br\/noticia\/wp-json\/wp\/v2\/media\/36244"}],"wp:attachment":[{"href":"https:\/\/migracao.redenoticia.com.br\/noticia\/wp-json\/wp\/v2\/media?parent=112839"}],"wp:term":[{"taxonomy":"category","embeddable":true,"href":"https:\/\/migracao.redenoticia.com.br\/noticia\/wp-json\/wp\/v2\/categories?post=112839"},{"taxonomy":"post_tag","embeddable":true,"href":"https:\/\/migracao.redenoticia.com.br\/noticia\/wp-json\/wp\/v2\/tags?post=112839"}],"curies":[{"name":"wp","href":"https:\/\/api.w.org\/{rel}","templated":true}]}}