{"id":112841,"date":"2017-05-10T00:05:42","date_gmt":"2017-05-10T03:05:42","guid":{"rendered":"https:\/\/www.redenoticia.com.br\/noticia\/?p=112841"},"modified":"2017-05-09T16:01:47","modified_gmt":"2017-05-09T19:01:47","slug":"pos-doutorado-em-etologia-humana-na-usp-com-bolsa-da-fapesp-2","status":"publish","type":"post","link":"https:\/\/migracao.redenoticia.com.br\/noticia\/2017\/pos-doutorado-em-etologia-humana-na-usp-com-bolsa-da-fapesp-2\/112841","title":{"rendered":"P\u00f3s-Doutorado em Etologia Humana na USP com Bolsa da FAPESP"},"content":{"rendered":"<p> Ag\u00eancia FAPESP \u2013 O Laborat\u00f3rio de Etologia Humana do Departamento de Psicologia Experimental do Instituto de Psicologia da Universidade de S\u00e3o Paulo (USP) oferece uma oportunidade de <strong><em>P\u00f3s-Doutorado em Etologia Humana<\/em><\/strong> com Bolsa da FAPESP. O prazo de inscri\u00e7\u00e3o encerra em 15 de maio.<\/p>\n<p>A bolsa est\u00e1 vinculada ao , constitu\u00eddo no \u00e2mbito do Programa FAPESP de Apoio \u00e0 Pesquisa em Parceria para Inova\u00e7\u00e3o Tecnol\u00f3gica (PITE) em parceria com a Natura, que tem Emma Otta como pesquisadora respons\u00e1vel.<\/p>\n<p>Al\u00e9m da USP, integram o Centro a Universidade Federal do Estado de S\u00e3o Paulo (Unifesp) e a Universidade Presbiteriana Mackenzie.<\/p>\n<p>O bolsista selecionado realizar\u00e1 pesquisa sobre comportamento n\u00e3o verbal em diferentes regi\u00f5es do Brasil. O projeto utilizar\u00e1 m\u00e9todos de pesquisa de estudo do comportamento na \u00e1rea da etologia humana. O bolsista estar\u00e1 envolvido em coleta de dados e no uso de softwares de an\u00e1lise de v\u00eddeos na pesquisa de observa\u00e7\u00e3o de comportamento; avalia\u00e7\u00e3o estat\u00edstica de dados obtidos; e aux\u00edlio na prepara\u00e7\u00e3o de manuscritos.<\/p>\n<p>Os candidatos devem ter conclu\u00eddo o seu doutoramento numa \u00e1rea correlata ao estudo. Os interessados devem enviar carta de apresenta\u00e7\u00e3o com os interesses em pesquisa, curriculum vitae e contato de refer\u00eancias para Jaroslava Varella Valentova, pesquisadora principal do projeto, no endere\u00e7o jaroslava@usp.br, e para tanialucci@usp.br.<\/p>\n<p>A oportunidade est\u00e1 publicada em .<\/p>\n<p>Os selecionados receber\u00e3o bolsa de P\u00f3s-Doutorado da FAPESP no valor de R$ 6.819,30 mensais e Reserva T\u00e9cnica. A Reserva T\u00e9cnica da bolsa de PD equivale a 15% do valor anual da bolsa e tem o objetivo de atender a despesas imprevistas e diretamente relacionadas \u00e0 atividade de pesquisa.<\/p>\n<p>Caso o bolsista resida em domic\u00edlio diferente e precise se mudar para a cidade onde se localiza a institui\u00e7\u00e3o-sede da pesquisa, poder\u00e1 ter direito a um Aux\u00edlio-Instala\u00e7\u00e3o.<\/p>\n<p>Mais informa\u00e7\u00f5es sobre a bolsa de P\u00f3s-Doutorado da FAPESP est\u00e3o dispon\u00edveis em .<\/p>\n<p>Outras vagas de bolsas de P\u00f3s-Doutorado, em diversas \u00e1reas do conhecimento, est\u00e3o no site .<\/p>\n","protected":false},"excerpt":{"rendered":"<p>Ag\u00eancia FAPESP \u2013 O Laborat\u00f3rio de Etologia Humana do Departamento de Psicologia Experimental do Instituto de Psicologia da Universidade de S\u00e3o Paulo (USP) oferece uma oportunidade de P\u00f3s-Doutorado em Etologia Humana com Bolsa da FAPESP. O prazo de inscri\u00e7\u00e3o encerra em 15 de maio. A bolsa est\u00e1 vinculada ao , constitu\u00eddo no \u00e2mbito do Programa [&hellip;]<\/p>\n","protected":false},"author":2,"featured_media":34767,"comment_status":"open","ping_status":"closed","sticky":false,"template":"","format":"standard","meta":{"tdm_status":"","tdm_grid_status":"","footnotes":""},"categories":[22,351,370],"tags":[],"class_list":{"0":"post-112841","1":"post","2":"type-post","3":"status-publish","4":"format-standard","5":"has-post-thumbnail","7":"category-brasil","8":"category-cursos","9":"category-inscricao"},"_links":{"self":[{"href":"https:\/\/migracao.redenoticia.com.br\/noticia\/wp-json\/wp\/v2\/posts\/112841","targetHints":{"allow":["GET"]}}],"collection":[{"href":"https:\/\/migracao.redenoticia.com.br\/noticia\/wp-json\/wp\/v2\/posts"}],"about":[{"href":"https:\/\/migracao.redenoticia.com.br\/noticia\/wp-json\/wp\/v2\/types\/post"}],"author":[{"embeddable":true,"href":"https:\/\/migracao.redenoticia.com.br\/noticia\/wp-json\/wp\/v2\/users\/2"}],"replies":[{"embeddable":true,"href":"https:\/\/migracao.redenoticia.com.br\/noticia\/wp-json\/wp\/v2\/comments?post=112841"}],"version-history":[{"count":0,"href":"https:\/\/migracao.redenoticia.com.br\/noticia\/wp-json\/wp\/v2\/posts\/112841\/revisions"}],"wp:featuredmedia":[{"embeddable":true,"href":"https:\/\/migracao.redenoticia.com.br\/noticia\/wp-json\/wp\/v2\/media\/34767"}],"wp:attachment":[{"href":"https:\/\/migracao.redenoticia.com.br\/noticia\/wp-json\/wp\/v2\/media?parent=112841"}],"wp:term":[{"taxonomy":"category","embeddable":true,"href":"https:\/\/migracao.redenoticia.com.br\/noticia\/wp-json\/wp\/v2\/categories?post=112841"},{"taxonomy":"post_tag","embeddable":true,"href":"https:\/\/migracao.redenoticia.com.br\/noticia\/wp-json\/wp\/v2\/tags?post=112841"}],"curies":[{"name":"wp","href":"https:\/\/api.w.org\/{rel}","templated":true}]}}