{"id":112845,"date":"2017-05-10T00:07:05","date_gmt":"2017-05-10T03:07:05","guid":{"rendered":"https:\/\/www.redenoticia.com.br\/noticia\/?p=112845"},"modified":"2017-05-09T16:04:13","modified_gmt":"2017-05-09T19:04:13","slug":"campanha-divulga-alimentacao-saudavel-em-rede-social","status":"publish","type":"post","link":"https:\/\/migracao.redenoticia.com.br\/noticia\/2017\/campanha-divulga-alimentacao-saudavel-em-rede-social\/112845","title":{"rendered":"Campanha divulga alimenta\u00e7\u00e3o saud\u00e1vel em rede social"},"content":{"rendered":"<p> A Coordenadoria de Desenvolvimento de Agroneg\u00f3cios (Codeagro) preparou uma campanha especial nas redes sociais para maio, o m\u00eas das m\u00e3es. Durante o per\u00edodo, internautas d\u00e3o as dicas de receita tendo a <strong><em>soja<\/em><\/strong> como componente. O alimento \u00e9 indicado para ajudar as mulheres na preven\u00e7\u00e3o de doen\u00e7as cardiovasculares e na diminui\u00e7\u00e3o dos sintomas da menopausa.<\/p>\n<p>A sess\u00e3o \u201cM\u00e3e, o que \u00e9 isso?\u201d tem por objetivo divulgar as propriedades de alguns alimentos. Em \u201cm\u00e3es ao redor do mundo\u201d s\u00e3o apresentados v\u00eddeos com dicas e receitas saud\u00e1veis com m\u00e3es de todos os cantos do mundo. Duas dicas internacionais v\u00e3o ser selecionadas por nutricionistas para virarem\u00a0v\u00eddeos de receitas. A sele\u00e7\u00e3o vai estar a cargo das profissionais do Centro de Seguran\u00e7a Alimentar e Nutricional Sustent\u00e1vel (Cesans).<\/p>\n<p>Acompanhe a .<\/p>\n<p>Do Portal do Governo SP<br \/>\n&#8212;<\/p>\n<p>A Coordenadoria de Desenvolvimento dos Agroneg\u00f3cios (Codeagro) visa desenvolver o agroneg\u00f3cio paulista, aprimorar as cadeias produtivas e de exporta\u00e7\u00e3o e inserir a Secretaria de Agricultura e Abastecimento no mundo dos agroneg\u00f3cios. Como meio de aumentar a competitividade da produ\u00e7\u00e3o, promove o fortalecimento do cooperativismo e associativismo rurais. O Abastecimento \u00e9 respons\u00e1vel pelos Projetos Cozinhalimento, Hortalimento e Bom Pre\u00e7o do Agricultor e trabalha com a cria\u00e7\u00e3o e desenvolvimento de canais de comercializa\u00e7\u00e3o, projetos estruturais que visam ampliar a renda dos produtores, bem como promover a seguran\u00e7a e educa\u00e7\u00e3o alimentares, nutri\u00e7\u00e3o, economia dom\u00e9stica e gera\u00e7\u00e3o de renda.<\/p>\n","protected":false},"excerpt":{"rendered":"<p>A Coordenadoria de Desenvolvimento de Agroneg\u00f3cios (Codeagro) preparou uma campanha especial nas redes sociais para maio, o m\u00eas das m\u00e3es. Durante o per\u00edodo, internautas d\u00e3o as dicas de receita tendo a soja como componente. O alimento \u00e9 indicado para ajudar as mulheres na preven\u00e7\u00e3o de doen\u00e7as cardiovasculares e na diminui\u00e7\u00e3o dos sintomas da menopausa. A [&hellip;]<\/p>\n","protected":false},"author":2,"featured_media":57577,"comment_status":"open","ping_status":"closed","sticky":false,"template":"","format":"standard","meta":{"tdm_status":"","tdm_grid_status":"","footnotes":""},"categories":[22,5],"tags":[],"class_list":{"0":"post-112845","1":"post","2":"type-post","3":"status-publish","4":"format-standard","5":"has-post-thumbnail","7":"category-brasil","8":"category-saude-e-vida"},"_links":{"self":[{"href":"https:\/\/migracao.redenoticia.com.br\/noticia\/wp-json\/wp\/v2\/posts\/112845","targetHints":{"allow":["GET"]}}],"collection":[{"href":"https:\/\/migracao.redenoticia.com.br\/noticia\/wp-json\/wp\/v2\/posts"}],"about":[{"href":"https:\/\/migracao.redenoticia.com.br\/noticia\/wp-json\/wp\/v2\/types\/post"}],"author":[{"embeddable":true,"href":"https:\/\/migracao.redenoticia.com.br\/noticia\/wp-json\/wp\/v2\/users\/2"}],"replies":[{"embeddable":true,"href":"https:\/\/migracao.redenoticia.com.br\/noticia\/wp-json\/wp\/v2\/comments?post=112845"}],"version-history":[{"count":0,"href":"https:\/\/migracao.redenoticia.com.br\/noticia\/wp-json\/wp\/v2\/posts\/112845\/revisions"}],"wp:featuredmedia":[{"embeddable":true,"href":"https:\/\/migracao.redenoticia.com.br\/noticia\/wp-json\/wp\/v2\/media\/57577"}],"wp:attachment":[{"href":"https:\/\/migracao.redenoticia.com.br\/noticia\/wp-json\/wp\/v2\/media?parent=112845"}],"wp:term":[{"taxonomy":"category","embeddable":true,"href":"https:\/\/migracao.redenoticia.com.br\/noticia\/wp-json\/wp\/v2\/categories?post=112845"},{"taxonomy":"post_tag","embeddable":true,"href":"https:\/\/migracao.redenoticia.com.br\/noticia\/wp-json\/wp\/v2\/tags?post=112845"}],"curies":[{"name":"wp","href":"https:\/\/api.w.org\/{rel}","templated":true}]}}