{"id":112850,"date":"2017-05-09T16:30:32","date_gmt":"2017-05-09T19:30:32","guid":{"rendered":"https:\/\/www.redenoticia.com.br\/noticia\/?p=112850"},"modified":"2017-05-09T16:07:52","modified_gmt":"2017-05-09T19:07:52","slug":"resumo-novela-rubi-1005-heitor-ameaca-rubi-e-inacio","status":"publish","type":"post","link":"https:\/\/migracao.redenoticia.com.br\/noticia\/2017\/resumo-novela-rubi-1005-heitor-ameaca-rubi-e-inacio\/112850","title":{"rendered":"Resumo novela \u201cRubi\u201d 10\/05: Heitor amea\u00e7a Rubi e In\u00e1cio"},"content":{"rendered":"<p><img loading=\"lazy\" decoding=\"async\" class=\"alignleft size-thumbnail wp-image-103954\" src=\"https:\/\/migracao.redenoticia.com.br\/noticia\/imagens\/rubi-resumo-novela-capitulo-sbt-150x112.jpg\" alt=\"\" width=\"150\" height=\"112\" \/><strong><em>Resumo novela \u201cRubi\u201d 10\/05<\/em><\/strong>: no cap\u00edtulo 083(*) da novela \u201cRubi\u201d, resumo de quarta-feira, 10 de maio, Genaro diz a In\u00e1cio que agora Rubi \u00e9 responsabilidade de Alessandro. Caetano comenta com Marcos que aconteceu algo que o fez entender que Cristina o ama, por isso n\u00e3o precisa mais se afastar dela nem de Fernanda. L\u00facio, mal intencionado, comenta com Maribel que Heitor tem s\u00e9rios problemas com Rubi, pois o filho que ela espera \u00e9 de Alessandro. Heitor diz a Genaro que mesmo que Rubi esteja esperando um filho de Alessandro, nunca lhe dar\u00e1 o div\u00f3rcio e amar\u00e1 o beb\u00ea como se fosse seu. O rapaz vai at\u00e9 a casa de Alessandro e, de rev\u00f3lver em punho, amea\u00e7a Rubi e In\u00e1cio. In\u00e1cio, apavorado, pede a Heitor que n\u00e3o fa\u00e7a o mesmo que seu pai. Heitor vai embora transtornado. Rubi tenta convencer Alessandro de que ele \u00e9 o pai do filho que est\u00e1 esperando e explica que Heitor a maltratou quando descobriu a verdade. Alessandro diz que primeiro far\u00e1 um exame de D.N.A. A mo\u00e7a diz ao rapaz que ele \u00e9 o grande amor da sua vida. Ele responde que tamb\u00e9m a amou, mas agora ama Maribel.<\/p>\n<p>(*) edi\u00e7\u00e3o do SBT, Novela \u201cRubi\u201d, sujeito a altera\u00e7\u00e3o de data e conte\u00fado.<\/p>\n<p>Rubi \u00e9 uma telenovela mexicana produzida por Jos\u00e9 Alberto Castro para a Televisa e exibida pelo Canal de las Estrellas entre 17 de maio e 22 de outubro de 2004, sucedendo Amarte es mi pecado e antecedendo Apuesta por un amor em 115 capitulos de 40 minutos. Adaptada por Ximena Su\u00e1rez, \u00e9 um remake da telenovela mexicana Rubi, de 1968, criada por Yolanda Vargas Dulch\u00e9. Seis anos ap\u00f3s lan\u00e7amento de Rub\u00ed, a telenovela Teresa foi acusada de pl\u00e1gio. V\u00e1rios sites apontam semelhan\u00e7as entre as duas telenovelas. Barbara Mori, Eduardo Santamarina, Sebasti\u00e1n Rulli, Jacqueline Bracamontes, Manuel Landeta, Sergio Goyri, Carlos C\u00e1mara, Yadhira Carrillo, Miguel Pizarro, Jos\u00e9 El\u00edas Moreno, Luis Gatica, Paty D\u00edaz, Ingrid Martz e Ana Mart\u00edn interpretam os papeis principais da trama.<\/p>\n","protected":false},"excerpt":{"rendered":"<p>Resumo novela \u201cRubi\u201d 10\/05: no cap\u00edtulo 083(*) da novela \u201cRubi\u201d, resumo de quarta-feira, 10 de maio, Genaro diz a In\u00e1cio que agora Rubi \u00e9 responsabilidade de Alessandro. Caetano comenta com Marcos que aconteceu algo que o fez entender que Cristina o ama, por isso n\u00e3o precisa mais se afastar dela nem de Fernanda. L\u00facio, mal [&hellip;]<\/p>\n","protected":false},"author":4,"featured_media":103954,"comment_status":"open","ping_status":"closed","sticky":false,"template":"","format":"standard","meta":{"tdm_status":"","tdm_grid_status":"","footnotes":""},"categories":[379,372,343],"tags":[441],"class_list":{"0":"post-112850","1":"post","2":"type-post","3":"status-publish","4":"format-standard","5":"has-post-thumbnail","7":"category-novelas","8":"category-sbt","9":"category-televisao","10":"tag-resumo-do-dia"},"_links":{"self":[{"href":"https:\/\/migracao.redenoticia.com.br\/noticia\/wp-json\/wp\/v2\/posts\/112850","targetHints":{"allow":["GET"]}}],"collection":[{"href":"https:\/\/migracao.redenoticia.com.br\/noticia\/wp-json\/wp\/v2\/posts"}],"about":[{"href":"https:\/\/migracao.redenoticia.com.br\/noticia\/wp-json\/wp\/v2\/types\/post"}],"author":[{"embeddable":true,"href":"https:\/\/migracao.redenoticia.com.br\/noticia\/wp-json\/wp\/v2\/users\/4"}],"replies":[{"embeddable":true,"href":"https:\/\/migracao.redenoticia.com.br\/noticia\/wp-json\/wp\/v2\/comments?post=112850"}],"version-history":[{"count":0,"href":"https:\/\/migracao.redenoticia.com.br\/noticia\/wp-json\/wp\/v2\/posts\/112850\/revisions"}],"wp:featuredmedia":[{"embeddable":true,"href":"https:\/\/migracao.redenoticia.com.br\/noticia\/wp-json\/wp\/v2\/media\/103954"}],"wp:attachment":[{"href":"https:\/\/migracao.redenoticia.com.br\/noticia\/wp-json\/wp\/v2\/media?parent=112850"}],"wp:term":[{"taxonomy":"category","embeddable":true,"href":"https:\/\/migracao.redenoticia.com.br\/noticia\/wp-json\/wp\/v2\/categories?post=112850"},{"taxonomy":"post_tag","embeddable":true,"href":"https:\/\/migracao.redenoticia.com.br\/noticia\/wp-json\/wp\/v2\/tags?post=112850"}],"curies":[{"name":"wp","href":"https:\/\/api.w.org\/{rel}","templated":true}]}}