{"id":112854,"date":"2017-05-09T16:31:14","date_gmt":"2017-05-09T19:31:14","guid":{"rendered":"https:\/\/www.redenoticia.com.br\/noticia\/?p=112854"},"modified":"2017-05-09T16:09:15","modified_gmt":"2017-05-09T19:09:15","slug":"resumo-novela-o-que-a-vida-me-roubou-1005-virginia-e-sequestrada","status":"publish","type":"post","link":"https:\/\/migracao.redenoticia.com.br\/noticia\/2017\/resumo-novela-o-que-a-vida-me-roubou-1005-virginia-e-sequestrada\/112854","title":{"rendered":"Resumo novela \u201cO Que A Vida Me Roubou\u201d 10\/05: Virg\u00ednia \u00e9 sequestrada"},"content":{"rendered":"<p><img loading=\"lazy\" decoding=\"async\" src=\"https:\/\/migracao.redenoticia.com.br\/noticia\/imagens\/o-que-a-vida-me-roubou-novela-resumo-sbt-150x112.jpg\" alt=\"\" width=\"150\" height=\"112\" class=\"alignleft size-thumbnail wp-image-105656\" srcset=\"https:\/\/migracao.redenoticia.com.br\/noticia\/imagens\/o-que-a-vida-me-roubou-novela-resumo-sbt-150x112.jpg 150w, https:\/\/migracao.redenoticia.com.br\/noticia\/imagens\/o-que-a-vida-me-roubou-novela-resumo-sbt-265x198.jpg 265w\" sizes=\"auto, (max-width: 150px) 100vw, 150px\" \/><strong><em>Resumo novela \u201cO Que A Vida Me Roubou\u201d 10\/05<\/em><\/strong>: no cap\u00edtulo 073(*) da novela \u201cO Que A Vida Me Roubou\u201d, resumo de quarta-feira, 10 de maio, Amelia diz a Fabiola que \u00e9 melhor elas partirem de \u00c1gua Azul, pois ali ela n\u00e3o vai conseguir nada. Amelia diz que Graziela tem raz\u00e3o, que os pais de Fabiola jamais tiveram filhos pr\u00f3prios e ela \u00e9 adotada. Fabiola chora e diz que \u00e9 por isso seu tio Benjamin a abandonou assim que seus pais morreram. Am\u00e9lia diz que queria a verdade e lamenta que ela tenha descoberto dessa maneira. Montserrat diz a Victor que Samuel n\u00e3o confessou nada e que n\u00e3o h\u00e1 provas suficientes contra Alessandro. Renato diz que se desejam ajudar Alessandro, precisam se apressar, pois n\u00e3o sabem quanto tempo Samuel aguentar\u00e1. Ezequiel agride brutalmente Samuel para que assine sua confiss\u00e3o acusando Alessandro de ser seu s\u00f3cio. Carlota pede a Ezequiel que ajude a tirar Alessandro da pris\u00e3o, pois Jos\u00e9 Luis quer destrui-lo. Ezequiel, hip\u00f3crita, diz que far\u00e1 todo o poss\u00edvel para ajud\u00e1-lo. Por ordens de Pedro, Adolfo sequestra Virginia para pressionar Joaquim a acusar Alessandro. Ang\u00e9lica recobra o conhecimento e pede a Jose que a leve at\u00e9 seu pai. Joaquim, chorando, diz a Alessandro que sua filha Ang\u00e9lica est\u00e1 morrendo e se arrepende de todo mal que o fez, pois sente que falhou. Joaquim se surpreende ao ver Pedro. Este diz que vai lhe mostrar umas fotografias. Joaquim v\u00ea Virginia dormindo amarrada. Pedro lhe diz que no momento sua filha est\u00e1 bem e depende exclusivamente dele que ela continue ou n\u00e3o assim. Pedro ordena que Joaquim escreva uma carta suicida, que encontrar\u00e3o em sua cela depois de sua morte. Ang\u00e9lica, chorando, diz a Jos\u00e9 Luis que se ele a ama de verdade, a tire do hospital, pois prefere estar em casa mesmo que por um dia ou um ano. Joaquim, pressionado, por Pedro, escreve uma carta de suic\u00eddio culpando Alessandro por sua morte. Joaquim pede que Pedro ao menos permita que ele veja uma vez mais sua filha Ang\u00e9lica, que est\u00e1 morrendo no hospital. Ele responde que por Ang\u00e9lica j\u00e1 n\u00e3o h\u00e1 nada que possa ser feito, mas por Virginia sim. Pedro diz que ele precisa estar morto at\u00e9 a madrugada. Joaquim chora desolado. Am\u00e9lia pergunta a Jos\u00e9 Luis se ele convenceu Ang\u00e9lica a permanecer no hospital e aceitar o tratamento. Jos\u00e9 Luis responde que sua filha n\u00e3o deseja permanecer por l\u00e1 e eles precisam respeitar a decis\u00e3o da mo\u00e7a. Am\u00e9lia diz que o m\u00e9dico lhe deu esperan\u00e7as, mesmo que anteriormente tenha dito que ela teria muito pouco tempo de vida. Am\u00e9lia pergunta se Jos\u00e9 chegou a amar Ang\u00e9lica de verdade. Ele diz que a ama profundamente e n\u00e3o quer perd\u00ea-la. Alessandro diz a Joaquim que sabe que o fizeram trocar de parecer e n\u00e3o vai mais declarar a seu favor. Ang\u00e9lica pede a sua m\u00e3e que a leve para ver seu pai, pois quer que lhe diga a verdade sobre Alessandro. Carlota diz a Montserrat que Ezequiel disse que Jose Luis \u00e9 quem convenceu Pedro de que Alessandro \u00e9 culpado, que o quer destruir, mas Ezequiel n\u00e3o ir\u00e1 ajudar. Ezequiel diz a Pedro que ainda n\u00e3o conseguiu que Samuel assine a confiss\u00e3o que culpa Alessandro de ser seu s\u00f3cio. Pedro, furioso, diz que ele \u00e9 um in\u00fatil.<\/p>\n<p>(*) edi\u00e7\u00e3o do SBT, Novela \u201cO Que A Vida Me Roubou\u201d, sujeito a altera\u00e7\u00e3o de data e conte\u00fado.<\/p>\n<p>Lo que la vida me rob\u00f3 (no Brasil, O Que a Vida Me Roubou) \u00e9 uma telenovela mexicana produzida por Angelli Nesma Medina para Televisa e exibida pelo Canal de las Estrellas entre 28 de outubro de 2013 e 27 de julho de 2014 em 196 cap\u00edtulos, substituindo La tempestad e sendo substitu\u00edda por Hasta el fin del mundo. A original \u00e9 de Caridad Bravo Adams, sendo esta um remake modernizado das novelas Bodas de odio e Amor real, produzidas em 1983 e 2003, respectivamente. Tem Angelique Boyer, Sebasti\u00e1n Rulli, Luis Roberto Guzm\u00e1n, Daniela Castro, Grettell Vald\u00e9z, Sergio Sendel e Lisset nos papeis principais.<\/p>\n","protected":false},"excerpt":{"rendered":"<p>Resumo novela \u201cO Que A Vida Me Roubou\u201d 10\/05: no cap\u00edtulo 073(*) da novela \u201cO Que A Vida Me Roubou\u201d, resumo de quarta-feira, 10 de maio, Amelia diz a Fabiola que \u00e9 melhor elas partirem de \u00c1gua Azul, pois ali ela n\u00e3o vai conseguir nada. Amelia diz que Graziela tem raz\u00e3o, que os pais de [&hellip;]<\/p>\n","protected":false},"author":4,"featured_media":105656,"comment_status":"open","ping_status":"closed","sticky":false,"template":"","format":"standard","meta":{"tdm_status":"","tdm_grid_status":"","footnotes":""},"categories":[379,372,343],"tags":[441],"class_list":{"0":"post-112854","1":"post","2":"type-post","3":"status-publish","4":"format-standard","5":"has-post-thumbnail","7":"category-novelas","8":"category-sbt","9":"category-televisao","10":"tag-resumo-do-dia"},"_links":{"self":[{"href":"https:\/\/migracao.redenoticia.com.br\/noticia\/wp-json\/wp\/v2\/posts\/112854","targetHints":{"allow":["GET"]}}],"collection":[{"href":"https:\/\/migracao.redenoticia.com.br\/noticia\/wp-json\/wp\/v2\/posts"}],"about":[{"href":"https:\/\/migracao.redenoticia.com.br\/noticia\/wp-json\/wp\/v2\/types\/post"}],"author":[{"embeddable":true,"href":"https:\/\/migracao.redenoticia.com.br\/noticia\/wp-json\/wp\/v2\/users\/4"}],"replies":[{"embeddable":true,"href":"https:\/\/migracao.redenoticia.com.br\/noticia\/wp-json\/wp\/v2\/comments?post=112854"}],"version-history":[{"count":0,"href":"https:\/\/migracao.redenoticia.com.br\/noticia\/wp-json\/wp\/v2\/posts\/112854\/revisions"}],"wp:featuredmedia":[{"embeddable":true,"href":"https:\/\/migracao.redenoticia.com.br\/noticia\/wp-json\/wp\/v2\/media\/105656"}],"wp:attachment":[{"href":"https:\/\/migracao.redenoticia.com.br\/noticia\/wp-json\/wp\/v2\/media?parent=112854"}],"wp:term":[{"taxonomy":"category","embeddable":true,"href":"https:\/\/migracao.redenoticia.com.br\/noticia\/wp-json\/wp\/v2\/categories?post=112854"},{"taxonomy":"post_tag","embeddable":true,"href":"https:\/\/migracao.redenoticia.com.br\/noticia\/wp-json\/wp\/v2\/tags?post=112854"}],"curies":[{"name":"wp","href":"https:\/\/api.w.org\/{rel}","templated":true}]}}