{"id":112930,"date":"2017-05-11T00:07:47","date_gmt":"2017-05-11T03:07:47","guid":{"rendered":"https:\/\/www.redenoticia.com.br\/noticia\/?p=112930"},"modified":"2017-05-10T15:21:05","modified_gmt":"2017-05-10T18:21:05","slug":"usp-oferece-aulas-gratuitas-de-gestao-empresarial","status":"publish","type":"post","link":"https:\/\/migracao.redenoticia.com.br\/noticia\/2017\/usp-oferece-aulas-gratuitas-de-gestao-empresarial\/112930","title":{"rendered":"USP oferece aulas gratuitas de gest\u00e3o empresarial"},"content":{"rendered":"<p> Pequenos empreendedores ou interessados em abrir um neg\u00f3cio pr\u00f3prio podem participar do <strong><em>curso sobre gest\u00e3o empresarial<\/em><\/strong> oferecido pelo Pice (Programa Integrado de Capacita\u00e7\u00e3o Empreendedora), projeto da FEA-RP (Faculdade de Economia, Administra\u00e7\u00e3o e Contabilidade de Ribeir\u00e3o Preto) da USP (Universidade de S\u00e3o Paulo).<\/p>\n<p>Ser\u00e3o tr\u00eas\u00a0meses de aulas gratuitas para pequenos empreendedores que querem gerenciar melhor sua empresa ou pretendem iniciar um novo neg\u00f3cio. As inscri\u00e7\u00f5es devem ser feitas no pr\u00f3ximo dia 17 de maio durante a palestra da\u00a0professora Lara Liboni, coordenadora do Pice, no no Anfiteatro Ivo Torres, na FEA-RP, no campus da USP. <\/p>\n<p>SERVI\u00c7O<br \/>\nCurso de Gest\u00e3o Empresarial;<br \/>\nAnfiteatro Ivo Torres, na FEA-RP, no campus da USP (avenida Bandeirantes, 3900);<br \/>\nDia 17 de maio, \u00e0s 17h30;<br \/>\nE-mail\u00a0pice@fearp.usp.br.<\/p>\n<p>Do Portal do Governo SP<\/p>\n","protected":false},"excerpt":{"rendered":"<p>Pequenos empreendedores ou interessados em abrir um neg\u00f3cio pr\u00f3prio podem participar do curso sobre gest\u00e3o empresarial oferecido pelo Pice (Programa Integrado de Capacita\u00e7\u00e3o Empreendedora), projeto da FEA-RP (Faculdade de Economia, Administra\u00e7\u00e3o e Contabilidade de Ribeir\u00e3o Preto) da USP (Universidade de S\u00e3o Paulo). Ser\u00e3o tr\u00eas\u00a0meses de aulas gratuitas para pequenos empreendedores que querem gerenciar melhor sua [&hellip;]<\/p>\n","protected":false},"author":2,"featured_media":35036,"comment_status":"open","ping_status":"closed","sticky":false,"template":"","format":"standard","meta":{"tdm_status":"","tdm_grid_status":"","footnotes":""},"categories":[22,351,370],"tags":[],"class_list":{"0":"post-112930","1":"post","2":"type-post","3":"status-publish","4":"format-standard","5":"has-post-thumbnail","7":"category-brasil","8":"category-cursos","9":"category-inscricao"},"_links":{"self":[{"href":"https:\/\/migracao.redenoticia.com.br\/noticia\/wp-json\/wp\/v2\/posts\/112930","targetHints":{"allow":["GET"]}}],"collection":[{"href":"https:\/\/migracao.redenoticia.com.br\/noticia\/wp-json\/wp\/v2\/posts"}],"about":[{"href":"https:\/\/migracao.redenoticia.com.br\/noticia\/wp-json\/wp\/v2\/types\/post"}],"author":[{"embeddable":true,"href":"https:\/\/migracao.redenoticia.com.br\/noticia\/wp-json\/wp\/v2\/users\/2"}],"replies":[{"embeddable":true,"href":"https:\/\/migracao.redenoticia.com.br\/noticia\/wp-json\/wp\/v2\/comments?post=112930"}],"version-history":[{"count":0,"href":"https:\/\/migracao.redenoticia.com.br\/noticia\/wp-json\/wp\/v2\/posts\/112930\/revisions"}],"wp:featuredmedia":[{"embeddable":true,"href":"https:\/\/migracao.redenoticia.com.br\/noticia\/wp-json\/wp\/v2\/media\/35036"}],"wp:attachment":[{"href":"https:\/\/migracao.redenoticia.com.br\/noticia\/wp-json\/wp\/v2\/media?parent=112930"}],"wp:term":[{"taxonomy":"category","embeddable":true,"href":"https:\/\/migracao.redenoticia.com.br\/noticia\/wp-json\/wp\/v2\/categories?post=112930"},{"taxonomy":"post_tag","embeddable":true,"href":"https:\/\/migracao.redenoticia.com.br\/noticia\/wp-json\/wp\/v2\/tags?post=112930"}],"curies":[{"name":"wp","href":"https:\/\/api.w.org\/{rel}","templated":true}]}}