{"id":112932,"date":"2017-05-11T00:08:10","date_gmt":"2017-05-11T03:08:10","guid":{"rendered":"https:\/\/www.redenoticia.com.br\/noticia\/?p=112932"},"modified":"2017-05-10T15:22:19","modified_gmt":"2017-05-10T18:22:19","slug":"instituicoes-de-ensino-tem-ate-dia-19-para-aderir-ao-sisu-do-segundo-semestre","status":"publish","type":"post","link":"https:\/\/migracao.redenoticia.com.br\/noticia\/2017\/instituicoes-de-ensino-tem-ate-dia-19-para-aderir-ao-sisu-do-segundo-semestre\/112932","title":{"rendered":"Institui\u00e7\u00f5es de ensino t\u00eam at\u00e9 dia 19 para aderir ao Sisu do segundo semestre"},"content":{"rendered":"<p> Institui\u00e7\u00f5es de ensino superior t\u00eam at\u00e9 o dia 19 de maio para aderir ao Sistema de Sele\u00e7\u00e3o Unificada (<strong><em>Sisu<\/em><\/strong>). As institui\u00e7\u00f5es devem acessar o sistema do Sisu pelo endere\u00e7o sisugestao.mec.gov.br. O Sisu seleciona estudantes para vagas no ensino superior p\u00fablico pela nota no Exame Nacional do Ensino M\u00e9dio (Enem). A ades\u00e3o \u00e9 para o segundo processo seletivo de 2017 e ser\u00e3o utilizadas as notas do Enem do ano passado.<\/p>\n<p> O Minist\u00e9rio da Educa\u00e7\u00e3o (MEC) ainda n\u00e3o divulgou a data de in\u00edcio das inscri\u00e7\u00f5es dos estudantes para o processo seletivo. Nos anos anteriores, isso foi feito entre o final de maio e in\u00edcio de junho.<\/p>\n<p>Ao aderir o Sisu, entre outras informa\u00e7\u00f5es, as institui\u00e7\u00f5es devem oferecer a rela\u00e7\u00e3o dos cursos e turnos, com os respectivos semestres de ingresso, e o n\u00famero de vagas \u2013 incluindo, se necess\u00e1rio, as reservadas exclusivamente para os ind\u00edgenas.  O termo tamb\u00e9m dever\u00e1 conter os pesos e as notas m\u00ednimas para cada prova do Enem, al\u00e9m dos documentos necess\u00e1rios \u00e0 matr\u00edcula dos selecionados.<\/p>\n<p>N\u00e3o poder\u00e3o ser oferecidas, via Sisu, vagas em cursos que exijam teste de habilidade espec\u00edfica e, ainda, na modalidade de ensino a dist\u00e2ncia.<\/p>\n<p>Ao todo, mais de 6,1 milh\u00f5es fizeram o Enem em 2016. A primeira edi\u00e7\u00e3o do Sisu de 2017 ofertou mais de 238 mil vagas em 131 institui\u00e7\u00f5es p\u00fablicas, entre universidades federais e estaduais, institutos federais e institui\u00e7\u00f5es estaduais.<\/p>\n<p>Mariana Tokarnia &#8211; Rep\u00f3rter da Ag\u00eancia Brasil<br \/>\nEdi\u00e7\u00e3o: Juliana Andrade<br \/>\n11\/05\/2017<\/p>\n","protected":false},"excerpt":{"rendered":"<p>Institui\u00e7\u00f5es de ensino superior t\u00eam at\u00e9 o dia 19 de maio para aderir ao Sistema de Sele\u00e7\u00e3o Unificada (Sisu). As institui\u00e7\u00f5es devem acessar o sistema do Sisu pelo endere\u00e7o sisugestao.mec.gov.br. O Sisu seleciona estudantes para vagas no ensino superior p\u00fablico pela nota no Exame Nacional do Ensino M\u00e9dio (Enem). A ades\u00e3o \u00e9 para o segundo [&hellip;]<\/p>\n","protected":false},"author":2,"featured_media":22752,"comment_status":"open","ping_status":"closed","sticky":false,"template":"","format":"standard","meta":{"tdm_status":"","tdm_grid_status":"","footnotes":""},"categories":[22,370,295],"tags":[],"class_list":{"0":"post-112932","1":"post","2":"type-post","3":"status-publish","4":"format-standard","5":"has-post-thumbnail","7":"category-brasil","8":"category-inscricao","9":"category-vestibular"},"_links":{"self":[{"href":"https:\/\/migracao.redenoticia.com.br\/noticia\/wp-json\/wp\/v2\/posts\/112932","targetHints":{"allow":["GET"]}}],"collection":[{"href":"https:\/\/migracao.redenoticia.com.br\/noticia\/wp-json\/wp\/v2\/posts"}],"about":[{"href":"https:\/\/migracao.redenoticia.com.br\/noticia\/wp-json\/wp\/v2\/types\/post"}],"author":[{"embeddable":true,"href":"https:\/\/migracao.redenoticia.com.br\/noticia\/wp-json\/wp\/v2\/users\/2"}],"replies":[{"embeddable":true,"href":"https:\/\/migracao.redenoticia.com.br\/noticia\/wp-json\/wp\/v2\/comments?post=112932"}],"version-history":[{"count":0,"href":"https:\/\/migracao.redenoticia.com.br\/noticia\/wp-json\/wp\/v2\/posts\/112932\/revisions"}],"wp:featuredmedia":[{"embeddable":true,"href":"https:\/\/migracao.redenoticia.com.br\/noticia\/wp-json\/wp\/v2\/media\/22752"}],"wp:attachment":[{"href":"https:\/\/migracao.redenoticia.com.br\/noticia\/wp-json\/wp\/v2\/media?parent=112932"}],"wp:term":[{"taxonomy":"category","embeddable":true,"href":"https:\/\/migracao.redenoticia.com.br\/noticia\/wp-json\/wp\/v2\/categories?post=112932"},{"taxonomy":"post_tag","embeddable":true,"href":"https:\/\/migracao.redenoticia.com.br\/noticia\/wp-json\/wp\/v2\/tags?post=112932"}],"curies":[{"name":"wp","href":"https:\/\/api.w.org\/{rel}","templated":true}]}}