{"id":112970,"date":"2017-05-10T16:34:09","date_gmt":"2017-05-10T19:34:09","guid":{"rendered":"https:\/\/www.redenoticia.com.br\/noticia\/?p=112970"},"modified":"2017-05-10T16:14:57","modified_gmt":"2017-05-10T19:14:57","slug":"resumo-novela-chiquititas-1105-miguel-suspeita-que-o-filho-esta-vivo","status":"publish","type":"post","link":"https:\/\/migracao.redenoticia.com.br\/noticia\/2017\/resumo-novela-chiquititas-1105-miguel-suspeita-que-o-filho-esta-vivo\/112970","title":{"rendered":"Resumo novela \u201cChiquititas\u201d 11\/05: Miguel suspeita que o filho est\u00e1 vivo"},"content":{"rendered":"<p><img loading=\"lazy\" decoding=\"async\" class=\"alignleft size-thumbnail wp-image-49690\" src=\"https:\/\/migracao.redenoticia.com.br\/noticia\/imagens\/chiquititas1-150x112.jpg\" alt=\"chiquititas\" width=\"150\" height=\"112\" \/><strong><em>Resumo novela \u201cChiquititas\u201d 11\/05<\/em><\/strong>: no cap\u00edtulo 173(*) da novela \u201cChiquititas\u201d, resumo de quinta-feira, 11 de maio, Glorinha maltrata e grita com Eduarda. Maria Cec\u00edlia liga para saber como a m\u00e3e est\u00e1. Eduarda tenta gritar por ajuda, mas \u00e9 impedida por Glorinha, que tampa a boca dela. Eduarda chora. Beto diz para Tobias, que est\u00e1 caracterizado como Tom\u00e1s Ferraz, que ele precisa planejar o que dizer caso ven\u00e7a a indica\u00e7\u00e3o de Melhor Cantor do Ano. Pata acorda do desmaio. A chiquitita percebe que lavaram seu cabelo e que as madeixas voltaram a enrolar. Pata fica furiosa. Carol tenta apartar a discuss\u00e3o e entender o que aconteceu. Carol v\u00ea que ela usou formol e que isso motivou o desmaio. Carol chama a aten\u00e7\u00e3o de Pata, explica que esse produto \u00e9 perigoso e que para fazer qualquer coisa com produtos qu\u00edmicos, n\u00e3o pode seguir qualquer receita de internet e precisa da supervis\u00e3o de um adulto. Pata vai para o quarto e chora. A menina diz para Carol e Mili que achou que se ela tivesse cabelos lisos, as pessoas gostariam mais dela. Carol diz que sempre admirou ela por ter personalidade e que o mundo seria chato se todos fossem iguais. Pata se sente melhor. Valentina conta para Miguel que Jos\u00e9 Ricardo criou um orfanato. Miguel diz que isso \u00e9 estranho e que o filho dele com Gabi pode estar vivo e morando no orfanato (todos acham que o filho dele com Gabi era um menino, mas na verdade trata-se de Mili). Valentina diz que ningu\u00e9m nunca viu o corpo do bebe. Maria Cec\u00edlia volta para casa e Glorinha diz estar preocupada com Eduarda, pois acha que ela est\u00e1 paranoica e implicante com ela. Eduarda tenta mais uma vez falar para a filha que est\u00e1 sendo v\u00edtima de agress\u00f5es morais. Eduarda diz que Glorinha n\u00e3o pode sair impune. Mesmo n\u00e3o acreditando em Eduarda, Maria Cec\u00edlia concorda com ela para evitar discuss\u00f5es. Todos no orfanato assistem na TV a premia\u00e7\u00e3o \u2018Os Melhores da M\u00fasica\u2019, que o Tom\u00e1s Ferraz foi indicado. Na mans\u00e3o dos Almeida Campos, Valentina diz para Gabriela que Miguel est\u00e1 vivo. Tom\u00e1s Ferraz chega na premia\u00e7\u00e3o ao lado de \u00c9rica.<\/p>\n<p>(*) edi\u00e7\u00e3o do SBT, Novela \u201cChiquititas\u201d, sujeito a altera\u00e7\u00e3o de data e conte\u00fado.<\/p>\n<p>Chiquititas gira em torno do orfanato Raio de Luz, que carrega em sua hist\u00f3ria um grande segredo envolvendo a fam\u00edlia e o dono do orfanato, Dr. Jos\u00e9 Ricardo Almeida Campos. Em um per\u00edodo anterior \u00e0 novela, exatos treze anos, sua filha Gabriela se apaixonou e ficou gr\u00e1vida de Miguel, filho de Valentina, empregada da casa dos Almeida Campos. Pouco depois, Jos\u00e9 Ricardo sequestrou sua neta, pois, como um homem conservador, ele n\u00e3o aceitava a ideia de que sua filha se envolvesse com um empregado. Como sua neta, Milena, apelidada como Mili, precisava de um lugar para morar, ele comprou um casar\u00e3o e fundou um orfanato, o Raio de Luz. Mili cresceu l\u00e1 com outras garotas que chegaram posteriormente: Bia, Ana, as irm\u00e3s Tati e Vivi, e Cris. Ao decorrer dos anos, elas se tornam uma fam\u00edlia. Elas s\u00e3o supervisionadas por Ernestina, zeladora do orfanato, e Chico, o cozinheiro amado pelas internas. Sofia, ex-governanta da fam\u00edlia Almeida Campos, \u00e9 a diretora do lugar, at\u00e9 que Carmem, irm\u00e3 de Jos\u00e9 Ricardo, entre em seu lugar. Chegam ainda mais \u00f3rf\u00e3os: Pata, Mosca, Binho e Rafa, que viviam nas ruas antes de entrarem na institui\u00e7\u00e3o. Pata e Mili tornam-se amigas rapidamente, enquanto Mosca, Binho e Rafa s\u00e3o os primeiros garotos a entrar no abrigo. As crian\u00e7as sem-teto foram ajudadas por uma doce e bela garota que tocam e mudam a vida delas, assim como as das garotas \u00f3rf\u00e3s.<\/p>\n","protected":false},"excerpt":{"rendered":"<p>Resumo novela \u201cChiquititas\u201d 11\/05: no cap\u00edtulo 173(*) da novela \u201cChiquititas\u201d, resumo de quinta-feira, 11 de maio, Glorinha maltrata e grita com Eduarda. Maria Cec\u00edlia liga para saber como a m\u00e3e est\u00e1. Eduarda tenta gritar por ajuda, mas \u00e9 impedida por Glorinha, que tampa a boca dela. Eduarda chora. Beto diz para Tobias, que est\u00e1 caracterizado [&hellip;]<\/p>\n","protected":false},"author":4,"featured_media":49690,"comment_status":"open","ping_status":"closed","sticky":false,"template":"","format":"standard","meta":{"tdm_status":"","tdm_grid_status":"","footnotes":""},"categories":[409,379,372,343],"tags":[441],"class_list":{"0":"post-112970","1":"post","2":"type-post","3":"status-publish","4":"format-standard","5":"has-post-thumbnail","7":"category-chiquititas","8":"category-novelas","9":"category-sbt","10":"category-televisao","11":"tag-resumo-do-dia"},"_links":{"self":[{"href":"https:\/\/migracao.redenoticia.com.br\/noticia\/wp-json\/wp\/v2\/posts\/112970","targetHints":{"allow":["GET"]}}],"collection":[{"href":"https:\/\/migracao.redenoticia.com.br\/noticia\/wp-json\/wp\/v2\/posts"}],"about":[{"href":"https:\/\/migracao.redenoticia.com.br\/noticia\/wp-json\/wp\/v2\/types\/post"}],"author":[{"embeddable":true,"href":"https:\/\/migracao.redenoticia.com.br\/noticia\/wp-json\/wp\/v2\/users\/4"}],"replies":[{"embeddable":true,"href":"https:\/\/migracao.redenoticia.com.br\/noticia\/wp-json\/wp\/v2\/comments?post=112970"}],"version-history":[{"count":0,"href":"https:\/\/migracao.redenoticia.com.br\/noticia\/wp-json\/wp\/v2\/posts\/112970\/revisions"}],"wp:featuredmedia":[{"embeddable":true,"href":"https:\/\/migracao.redenoticia.com.br\/noticia\/wp-json\/wp\/v2\/media\/49690"}],"wp:attachment":[{"href":"https:\/\/migracao.redenoticia.com.br\/noticia\/wp-json\/wp\/v2\/media?parent=112970"}],"wp:term":[{"taxonomy":"category","embeddable":true,"href":"https:\/\/migracao.redenoticia.com.br\/noticia\/wp-json\/wp\/v2\/categories?post=112970"},{"taxonomy":"post_tag","embeddable":true,"href":"https:\/\/migracao.redenoticia.com.br\/noticia\/wp-json\/wp\/v2\/tags?post=112970"}],"curies":[{"name":"wp","href":"https:\/\/api.w.org\/{rel}","templated":true}]}}