{"id":113044,"date":"2017-05-11T16:30:01","date_gmt":"2017-05-11T19:30:01","guid":{"rendered":"https:\/\/www.redenoticia.com.br\/noticia\/?p=113044"},"modified":"2017-05-11T16:19:55","modified_gmt":"2017-05-11T19:19:55","slug":"resumo-novela-rubi-1205-heitor-viaja-com-helena","status":"publish","type":"post","link":"https:\/\/migracao.redenoticia.com.br\/noticia\/2017\/resumo-novela-rubi-1205-heitor-viaja-com-helena\/113044","title":{"rendered":"Resumo novela \u201cRubi\u201d 12\/05: Heitor viaja com Helena"},"content":{"rendered":"<p><img loading=\"lazy\" decoding=\"async\" class=\"alignleft size-thumbnail wp-image-103954\" src=\"https:\/\/migracao.redenoticia.com.br\/noticia\/imagens\/rubi-resumo-novela-capitulo-sbt-150x112.jpg\" alt=\"\" width=\"150\" height=\"112\" \/><strong><em>Resumo novela \u201cRubi\u201d 12\/05<\/em><\/strong>: no cap\u00edtulo 085(*) da novela \u201cRubi\u201d, resumo de sexta-feira, 12 de maio, Rubi diz a Alessandro que n\u00e3o \u00e9 justo que despreze seu pr\u00f3prio filho e que devem tentar viver juntos pois essa crian\u00e7a merece viver ao lado do pai e da m\u00e3e. Alessandro procura Maribel para dizer que pretende assumir a paternidade mas n\u00e3o se casar\u00e1 com Rubi, pois \u00e9 com ela que pretende passar o resto de sua vida. Maribel diz que tamb\u00e9m o ama, mas n\u00e3o pode deixar que seu filho cres\u00e7a longe do pai. Rubi pede a L\u00facio que a ajude a recuperar as a\u00e7\u00f5es e a conseguir que Heitor lhe pague uma indeniza\u00e7\u00e3o pois perdeu tr\u00eas anos de sua vida a seu lado e n\u00e3o \u00e9 justo que saia sem nem um centavo. L\u00facio diz a Artur que gostaria de se casar com Maribel e que, apesar de saber que ela ama Alessandro, far\u00e1 de tudo para conquist\u00e1-la. L\u00facio adverte o Dr. Belmiro para que conven\u00e7a seu filho, Ernesto, a se afastar de Maribel. Heitor viaja com Helena para o interior.<\/p>\n<p>(*) edi\u00e7\u00e3o do SBT, Novela \u201cRubi\u201d, sujeito a altera\u00e7\u00e3o de data e conte\u00fado.<\/p>\n<p>Rubi \u00e9 uma telenovela mexicana produzida por Jos\u00e9 Alberto Castro para a Televisa e exibida pelo Canal de las Estrellas entre 17 de maio e 22 de outubro de 2004, sucedendo Amarte es mi pecado e antecedendo Apuesta por un amor em 115 capitulos de 40 minutos. Adaptada por Ximena Su\u00e1rez, \u00e9 um remake da telenovela mexicana Rubi, de 1968, criada por Yolanda Vargas Dulch\u00e9. Seis anos ap\u00f3s lan\u00e7amento de Rub\u00ed, a telenovela Teresa foi acusada de pl\u00e1gio. V\u00e1rios sites apontam semelhan\u00e7as entre as duas telenovelas. Barbara Mori, Eduardo Santamarina, Sebasti\u00e1n Rulli, Jacqueline Bracamontes, Manuel Landeta, Sergio Goyri, Carlos C\u00e1mara, Yadhira Carrillo, Miguel Pizarro, Jos\u00e9 El\u00edas Moreno, Luis Gatica, Paty D\u00edaz, Ingrid Martz e Ana Mart\u00edn interpretam os papeis principais da trama.<\/p>\n","protected":false},"excerpt":{"rendered":"<p>Resumo novela \u201cRubi\u201d 12\/05: no cap\u00edtulo 085(*) da novela \u201cRubi\u201d, resumo de sexta-feira, 12 de maio, Rubi diz a Alessandro que n\u00e3o \u00e9 justo que despreze seu pr\u00f3prio filho e que devem tentar viver juntos pois essa crian\u00e7a merece viver ao lado do pai e da m\u00e3e. Alessandro procura Maribel para dizer que pretende assumir [&hellip;]<\/p>\n","protected":false},"author":4,"featured_media":103954,"comment_status":"open","ping_status":"closed","sticky":false,"template":"","format":"standard","meta":{"tdm_status":"","tdm_grid_status":"","footnotes":""},"categories":[379,372,343],"tags":[441],"class_list":{"0":"post-113044","1":"post","2":"type-post","3":"status-publish","4":"format-standard","5":"has-post-thumbnail","7":"category-novelas","8":"category-sbt","9":"category-televisao","10":"tag-resumo-do-dia"},"_links":{"self":[{"href":"https:\/\/migracao.redenoticia.com.br\/noticia\/wp-json\/wp\/v2\/posts\/113044","targetHints":{"allow":["GET"]}}],"collection":[{"href":"https:\/\/migracao.redenoticia.com.br\/noticia\/wp-json\/wp\/v2\/posts"}],"about":[{"href":"https:\/\/migracao.redenoticia.com.br\/noticia\/wp-json\/wp\/v2\/types\/post"}],"author":[{"embeddable":true,"href":"https:\/\/migracao.redenoticia.com.br\/noticia\/wp-json\/wp\/v2\/users\/4"}],"replies":[{"embeddable":true,"href":"https:\/\/migracao.redenoticia.com.br\/noticia\/wp-json\/wp\/v2\/comments?post=113044"}],"version-history":[{"count":0,"href":"https:\/\/migracao.redenoticia.com.br\/noticia\/wp-json\/wp\/v2\/posts\/113044\/revisions"}],"wp:featuredmedia":[{"embeddable":true,"href":"https:\/\/migracao.redenoticia.com.br\/noticia\/wp-json\/wp\/v2\/media\/103954"}],"wp:attachment":[{"href":"https:\/\/migracao.redenoticia.com.br\/noticia\/wp-json\/wp\/v2\/media?parent=113044"}],"wp:term":[{"taxonomy":"category","embeddable":true,"href":"https:\/\/migracao.redenoticia.com.br\/noticia\/wp-json\/wp\/v2\/categories?post=113044"},{"taxonomy":"post_tag","embeddable":true,"href":"https:\/\/migracao.redenoticia.com.br\/noticia\/wp-json\/wp\/v2\/tags?post=113044"}],"curies":[{"name":"wp","href":"https:\/\/api.w.org\/{rel}","templated":true}]}}