{"id":113052,"date":"2017-05-11T16:32:02","date_gmt":"2017-05-11T19:32:02","guid":{"rendered":"https:\/\/www.redenoticia.com.br\/noticia\/?p=113052"},"modified":"2017-05-11T16:22:47","modified_gmt":"2017-05-11T19:22:47","slug":"resumo-novela-chiquititas-1205-matias-foge-do-aeroporto","status":"publish","type":"post","link":"https:\/\/migracao.redenoticia.com.br\/noticia\/2017\/resumo-novela-chiquititas-1205-matias-foge-do-aeroporto\/113052","title":{"rendered":"Resumo novela \u201cChiquititas\u201d 12\/05: Matias foge do aeroporto"},"content":{"rendered":"<p><img loading=\"lazy\" decoding=\"async\" class=\"alignleft size-thumbnail wp-image-49690\" src=\"https:\/\/migracao.redenoticia.com.br\/noticia\/imagens\/chiquititas1-150x112.jpg\" alt=\"chiquititas\" width=\"150\" height=\"112\" \/><strong><em>Resumo novela \u201cChiquititas\u201d 12\/05<\/em><\/strong>: no cap\u00edtulo 174(*) da novela \u201cChiquititas\u201d, resumo de sexta-feira, 12 de maio, a cantora Negra Li tamb\u00e9m participa da premia\u00e7\u00e3o e concede entrevista assim que chega \u00e0 festa. A rep\u00f3rter diz que al\u00e9m da m\u00fasica, tamb\u00e9m \u00e9 f\u00e3 do cabelo dela. Negra Li diz que por nada alisaria as madeixas. Pata fica feliz com o que assiste na TV. Enquanto isso, Miguel consegue entrar no por\u00e3o do orfanato Raio de Luz. Valentina diz que ir\u00e1 levar Gabriela para encontrar Miguel. Cintia pede para Jos\u00e9 Ricardo autorizar ela a mandar as crian\u00e7as para um acampamento de f\u00e9rias. Duda pede para ir junto com as chiquititas. Matias est\u00e1 triste, pois n\u00e3o quer ir para os Estados Unidos para estudar, como seu pai est\u00e1 for\u00e7ando ele a fazer. Negra Li ganha um trof\u00e9u na premia\u00e7\u00e3o e agradece os votos recebidos. A cantora tamb\u00e9m faz um show e canta a m\u00fasica \u201cVoc\u00ea vai estar na minha\u201d. Enquanto assistem ao show, as chiquititas dan\u00e7am no orfanato. Tom\u00e1s Ferraz ganha a premia\u00e7\u00e3o de cantor revela\u00e7\u00e3o. Assim que ele sobe ao palco para agradecer, \u00e9 surpreendido por Roberto Leal. O verdadeiro cantor portugu\u00eas diz que Tom\u00e1s Ferras \u00e9 uma fraude e que a m\u00fasica \u201cA Festa Ainda Pode Ser Bonita\u201d \u00e9 de verdadeira autoria dele. Os dois brigam pelo trof\u00e9u no palco. No dia seguinte, Tobias e Beto discutem sobre a can\u00e7\u00e3o. Cris faz uma campanha na internet para apoiar Tom\u00e1s Ferraz. Cintia avisa que todos ir\u00e3o para um acampamento de f\u00e9rias. Todos comemoram. Vivi pensa em algum jeito de avisar Matias sobre a viagem. Eduarda pede para Maria Cec\u00edlia colocar uma c\u00e2mera escondida na estante da sala para provar que Glorinha est\u00e1 lhe maltratando.Matias foge do aeroporto para n\u00e3o ir para os Estados Unidos. Valentina leva Gabi at\u00e9 a igreja abandonada para ver Miguel. Ao chegar no local, Gabi repete algumas vezes o nome de Miguel, por\u00e9m, quando seu grande amor do passado aparece, ela fica agitada e com medo. Miguel decide sair do local para acalmar Gabriela, que n\u00e3o o reconhece, talvez, devido a m\u00e1scara. Matias liga para Duda e pede ajuda para poder se esconder. Vivi vai at\u00e9 a mans\u00e3o de Matias para avisar o namorado que todos do orfanato ir\u00e3o viajar para um acampamento de f\u00e9rias, mas \u00e9 surpreendida com a not\u00edcia de que ele foi para os Estados Unidos e fica decepcionada ao achar que ele n\u00e3o se despediu dela. Os pais de Matias v\u00e3o at\u00e9 o orfanato, por acreditar que o menino foi para l\u00e1 atr\u00e1s de Vivi.<\/p>\n<p>(*) edi\u00e7\u00e3o do SBT, Novela \u201cChiquititas\u201d, sujeito a altera\u00e7\u00e3o de data e conte\u00fado.<\/p>\n<p>Chiquititas gira em torno do orfanato Raio de Luz, que carrega em sua hist\u00f3ria um grande segredo envolvendo a fam\u00edlia e o dono do orfanato, Dr. Jos\u00e9 Ricardo Almeida Campos. Em um per\u00edodo anterior \u00e0 novela, exatos treze anos, sua filha Gabriela se apaixonou e ficou gr\u00e1vida de Miguel, filho de Valentina, empregada da casa dos Almeida Campos. Pouco depois, Jos\u00e9 Ricardo sequestrou sua neta, pois, como um homem conservador, ele n\u00e3o aceitava a ideia de que sua filha se envolvesse com um empregado. Como sua neta, Milena, apelidada como Mili, precisava de um lugar para morar, ele comprou um casar\u00e3o e fundou um orfanato, o Raio de Luz. Mili cresceu l\u00e1 com outras garotas que chegaram posteriormente: Bia, Ana, as irm\u00e3s Tati e Vivi, e Cris. Ao decorrer dos anos, elas se tornam uma fam\u00edlia. Elas s\u00e3o supervisionadas por Ernestina, zeladora do orfanato, e Chico, o cozinheiro amado pelas internas. Sofia, ex-governanta da fam\u00edlia Almeida Campos, \u00e9 a diretora do lugar, at\u00e9 que Carmem, irm\u00e3 de Jos\u00e9 Ricardo, entre em seu lugar. Chegam ainda mais \u00f3rf\u00e3os: Pata, Mosca, Binho e Rafa, que viviam nas ruas antes de entrarem na institui\u00e7\u00e3o. Pata e Mili tornam-se amigas rapidamente, enquanto Mosca, Binho e Rafa s\u00e3o os primeiros garotos a entrar no abrigo. As crian\u00e7as sem-teto foram ajudadas por uma doce e bela garota que tocam e mudam a vida delas, assim como as das garotas \u00f3rf\u00e3s.<\/p>\n","protected":false},"excerpt":{"rendered":"<p>Resumo novela \u201cChiquititas\u201d 12\/05: no cap\u00edtulo 174(*) da novela \u201cChiquititas\u201d, resumo de sexta-feira, 12 de maio, a cantora Negra Li tamb\u00e9m participa da premia\u00e7\u00e3o e concede entrevista assim que chega \u00e0 festa. A rep\u00f3rter diz que al\u00e9m da m\u00fasica, tamb\u00e9m \u00e9 f\u00e3 do cabelo dela. Negra Li diz que por nada alisaria as madeixas. Pata [&hellip;]<\/p>\n","protected":false},"author":4,"featured_media":49690,"comment_status":"open","ping_status":"closed","sticky":false,"template":"","format":"standard","meta":{"tdm_status":"","tdm_grid_status":"","footnotes":""},"categories":[409,379,372,343],"tags":[441],"class_list":{"0":"post-113052","1":"post","2":"type-post","3":"status-publish","4":"format-standard","5":"has-post-thumbnail","7":"category-chiquititas","8":"category-novelas","9":"category-sbt","10":"category-televisao","11":"tag-resumo-do-dia"},"_links":{"self":[{"href":"https:\/\/migracao.redenoticia.com.br\/noticia\/wp-json\/wp\/v2\/posts\/113052","targetHints":{"allow":["GET"]}}],"collection":[{"href":"https:\/\/migracao.redenoticia.com.br\/noticia\/wp-json\/wp\/v2\/posts"}],"about":[{"href":"https:\/\/migracao.redenoticia.com.br\/noticia\/wp-json\/wp\/v2\/types\/post"}],"author":[{"embeddable":true,"href":"https:\/\/migracao.redenoticia.com.br\/noticia\/wp-json\/wp\/v2\/users\/4"}],"replies":[{"embeddable":true,"href":"https:\/\/migracao.redenoticia.com.br\/noticia\/wp-json\/wp\/v2\/comments?post=113052"}],"version-history":[{"count":0,"href":"https:\/\/migracao.redenoticia.com.br\/noticia\/wp-json\/wp\/v2\/posts\/113052\/revisions"}],"wp:featuredmedia":[{"embeddable":true,"href":"https:\/\/migracao.redenoticia.com.br\/noticia\/wp-json\/wp\/v2\/media\/49690"}],"wp:attachment":[{"href":"https:\/\/migracao.redenoticia.com.br\/noticia\/wp-json\/wp\/v2\/media?parent=113052"}],"wp:term":[{"taxonomy":"category","embeddable":true,"href":"https:\/\/migracao.redenoticia.com.br\/noticia\/wp-json\/wp\/v2\/categories?post=113052"},{"taxonomy":"post_tag","embeddable":true,"href":"https:\/\/migracao.redenoticia.com.br\/noticia\/wp-json\/wp\/v2\/tags?post=113052"}],"curies":[{"name":"wp","href":"https:\/\/api.w.org\/{rel}","templated":true}]}}