{"id":113062,"date":"2017-05-11T16:35:52","date_gmt":"2017-05-11T19:35:52","guid":{"rendered":"https:\/\/www.redenoticia.com.br\/noticia\/?p=113062"},"modified":"2017-05-11T16:25:39","modified_gmt":"2017-05-11T19:25:39","slug":"resumo-novela-novo-mundo-1205-dom-pedro-decide-ficar-no-brasil","status":"publish","type":"post","link":"https:\/\/migracao.redenoticia.com.br\/noticia\/2017\/resumo-novela-novo-mundo-1205-dom-pedro-decide-ficar-no-brasil\/113062","title":{"rendered":"Resumo novela \u201cNovo Mundo\u201d 12\/05: Dom Pedro decide ficar no Brasil"},"content":{"rendered":"<p><img loading=\"lazy\" decoding=\"async\" class=\"alignleft size-thumbnail wp-image-107950\" src=\"https:\/\/migracao.redenoticia.com.br\/noticia\/imagens\/novo_mundo_novela_resumo_globo-150x112.jpg\" alt=\"\" width=\"150\" height=\"112\" srcset=\"https:\/\/migracao.redenoticia.com.br\/noticia\/imagens\/novo_mundo_novela_resumo_globo-150x112.jpg 150w, https:\/\/migracao.redenoticia.com.br\/noticia\/imagens\/novo_mundo_novela_resumo_globo-265x198.jpg 265w\" sizes=\"auto, (max-width: 150px) 100vw, 150px\" \/><strong><em>Resumo novela \u201cNovo Mundo\u201d 12\/05<\/em><\/strong>: no cap\u00edtulo 045(*) da novela \u201cNovo Mundo\u201d, resumo de sexta-feira, 12 de maio, Benedita se apavora com o ataque \u00e0 sua carruagem. Avilez apreende toda a muni\u00e7\u00e3o trazida pelo soldado ao Rio de Janeiro. Joaquim e Chala\u00e7a desconfiam de que Thomas seja um traidor, mas Leopoldina os repreende. Domitila expulsa Benedita de casa. Avilez faz um pronunciamento que provoca a ira de Dom Pedro. Joaquim tem uma ideia para conseguir que Dom Pedro fique no Brasil. Thomas avisa a Avilez que s\u00f3 deixar\u00e1 seu disfarce quando Pedro voltar para Portugal. Licurgo, Germana e Elvira coletam assinaturas pela rua. Wolfgang defende Diara de Sebasti\u00e3o. Avilez n\u00e3o se preocupa com o abaixo-assinado para apoiar Dom Pedro. Anna encontra Joaquim e pede que N\u00edvea n\u00e3o comente com Thomas. Jacira persegue Ferdinando na mata. Avilez chega ao pal\u00e1cio para tomar o poder de Dom Pedro. Joaquim apresenta as assinaturas contrariando as ordens das Cortes Portuguesas. Dom Pedro decide ficar no Brasil e \u00e9 ovacionado pelo povo.<\/p>\n<p>(*) edi\u00e7\u00e3o da Rede Globo, Novela \u201cNovo Mundo\u201d, sujeito a altera\u00e7\u00e3o de data e conte\u00fado.<\/p>\n<p>Novo Mundo \u00e9 uma telenovela brasileira produzida pela Rede Globo. Escrita por Thereza Falc\u00e3o e Alessandro Marson, conta com dire\u00e7\u00e3o art\u00edstica de Vin\u00edcius Coimbra. Conta com as participa\u00e7\u00f5es de Isabelle Drummond, Chay Suede, Caio Castro, Let\u00edcia Colin, Leo Jaime, D\u00e9bora Olivieri, Rodrigo Simas, Giullia Buscacio, Vivianne Pasmanter, Guilherme Piva, R\u00f4mulo Estrela, Agatha Moreira, Luisa Micheletti, Gabriel Braga Nunes, e Ingrid Guimar\u00e3es.<\/p>\n","protected":false},"excerpt":{"rendered":"<p>Resumo novela \u201cNovo Mundo\u201d 12\/05: no cap\u00edtulo 045(*) da novela \u201cNovo Mundo\u201d, resumo de sexta-feira, 12 de maio, Benedita se apavora com o ataque \u00e0 sua carruagem. Avilez apreende toda a muni\u00e7\u00e3o trazida pelo soldado ao Rio de Janeiro. Joaquim e Chala\u00e7a desconfiam de que Thomas seja um traidor, mas Leopoldina os repreende. Domitila expulsa [&hellip;]<\/p>\n","protected":false},"author":4,"featured_media":107950,"comment_status":"open","ping_status":"closed","sticky":false,"template":"","format":"standard","meta":{"tdm_status":"","tdm_grid_status":"","footnotes":""},"categories":[379,375,343],"tags":[441],"class_list":{"0":"post-113062","1":"post","2":"type-post","3":"status-publish","4":"format-standard","5":"has-post-thumbnail","7":"category-novelas","8":"category-rede-globo","9":"category-televisao","10":"tag-resumo-do-dia"},"_links":{"self":[{"href":"https:\/\/migracao.redenoticia.com.br\/noticia\/wp-json\/wp\/v2\/posts\/113062","targetHints":{"allow":["GET"]}}],"collection":[{"href":"https:\/\/migracao.redenoticia.com.br\/noticia\/wp-json\/wp\/v2\/posts"}],"about":[{"href":"https:\/\/migracao.redenoticia.com.br\/noticia\/wp-json\/wp\/v2\/types\/post"}],"author":[{"embeddable":true,"href":"https:\/\/migracao.redenoticia.com.br\/noticia\/wp-json\/wp\/v2\/users\/4"}],"replies":[{"embeddable":true,"href":"https:\/\/migracao.redenoticia.com.br\/noticia\/wp-json\/wp\/v2\/comments?post=113062"}],"version-history":[{"count":0,"href":"https:\/\/migracao.redenoticia.com.br\/noticia\/wp-json\/wp\/v2\/posts\/113062\/revisions"}],"wp:featuredmedia":[{"embeddable":true,"href":"https:\/\/migracao.redenoticia.com.br\/noticia\/wp-json\/wp\/v2\/media\/107950"}],"wp:attachment":[{"href":"https:\/\/migracao.redenoticia.com.br\/noticia\/wp-json\/wp\/v2\/media?parent=113062"}],"wp:term":[{"taxonomy":"category","embeddable":true,"href":"https:\/\/migracao.redenoticia.com.br\/noticia\/wp-json\/wp\/v2\/categories?post=113062"},{"taxonomy":"post_tag","embeddable":true,"href":"https:\/\/migracao.redenoticia.com.br\/noticia\/wp-json\/wp\/v2\/tags?post=113062"}],"curies":[{"name":"wp","href":"https:\/\/api.w.org\/{rel}","templated":true}]}}