{"id":113071,"date":"2017-05-11T16:37:33","date_gmt":"2017-05-11T19:37:33","guid":{"rendered":"https:\/\/www.redenoticia.com.br\/noticia\/?p=113071"},"modified":"2017-05-11T16:28:20","modified_gmt":"2017-05-11T19:28:20","slug":"resumo-novela-os-dias-eram-assim-1205-renato-descobre-que-alice-se-casou","status":"publish","type":"post","link":"https:\/\/migracao.redenoticia.com.br\/noticia\/2017\/resumo-novela-os-dias-eram-assim-1205-renato-descobre-que-alice-se-casou\/113071","title":{"rendered":"Resumo novela \u201cOs Dias Eram Assim\u201d 12\/05: Renato descobre que Alice se casou"},"content":{"rendered":"<p><img class=\"alignleft size-thumbnail wp-image-110067\" https:\/\/migracao.redenoticia.com.br\/noticia\/imagens\/os-dias-eram-assim-resumo-novela-globo-150x112.jpg\" alt=\"\" width=\"150\" height=\"112\" \/><strong><em>Resumo novela \u201cOs Dias Eram Assim\u201d 12\/05<\/em><\/strong>: no cap\u00edtulo 016(*) da novela \u201cOs Dias Eram Assim\u201d, resumo de sexta-feira, 12 de maio, Alice sente-se mal antes do in\u00edcio da cerim\u00f4nia. Rimena reclama quando Renato afirma que continuar\u00e1 morando na casa de Hernando com Alice. Alice se casa com Vitor. Cora vibra ao ouvir Arnaldo falar de Vitor. Amaral amea\u00e7a Gustavo e o liberta em uma estrada deserta. Alice tem um sangramento e se desespera. Hernando estranha a irrita\u00e7\u00e3o de Rimena com Renato. Rimena se declara para Renato. Vitor leva Alice para sua casa. Gustavo volta para casa. Vera se encontra com Laura. Cora d\u00e1 mais dinheiro para Marcos. Toni desiste de viajar, e Monique fica furiosa. Hernando questiona Renato sobre sua decis\u00e3o de morar no alojamento do hospital. Alice comenta com Kiki que Vitor quer que ela fa\u00e7a um curso de fotografia fora do Brasil. Rimena convida Renato para jantar. Alice recebe alta do m\u00e9dico. Renato descobre que Alice se casou.<\/p>\n<p>(*) edi\u00e7\u00e3o da Rede Globo, Novela \u201cOs Dias Eram Assim\u201d, sujeito a altera\u00e7\u00e3o de data e conte\u00fado.<\/p>\n<p>Os Dias Eram Assim \u00e9 uma s\u00e9rie de televis\u00e3o brasileira produzida e exibida pela Rede Globo. Escrita por \u00c2ngela Chaves e Alessandra Poggi, com colabora\u00e7\u00e3o de Guilherme Vasconcelos e Mariana Torres, conta com a dire\u00e7\u00e3o geral e art\u00edstica de Carlos Ara\u00fajo. \u00c9 a primeira trama exibida como supers\u00e9rie na faixa das 23 horas do canal, sendo que at\u00e9 Liberdade, Liberdade (2016) era denominada de novela das onze. Conta com as participa\u00e7\u00f5es de Sophie Charlotte, Renato G\u00f3es, Daniel de Oliveira, Maria Casadevall, Gabriel Leone, Caio Blat, Susana Vieira e Antonio Calloni. A trama se inicia em 21 de junho de 1970, data da final da Copa do Mundo, do qual o Brasil sai vitorioso. Em meio as comemora\u00e7\u00f5es e o contraste pol\u00edtico e social desolador, promovido pela Ditadura Militar, Alice e Renato se conhecem, iniciando uma hist\u00f3ria de amor que ir\u00e1 durar por quase 20 anos, passando por diversos eventos hist\u00f3ricos at\u00e9 as Diretas J\u00e1. O m\u00e9dico Renato \u00e9 filho primog\u00eanito de Vera, dona de uma livraria em Copacabana, cujos irm\u00e3os s\u00e3o engajados cada um a seu modo. Gustavo sai \u00e0s ruas pela liberdade, enquanto Maria usa a arte para se expressar e manifestar&#8230;.Criada numa fam\u00edlia conservadora, Alice \u00e9 filha de Arnaldo, empreiteiro apoiador do regime vigente e, que executa obras para o Governo. Batendo de frente com o pensamento do pai, que vive em conflito com Kiki, pelo fato da esposa n\u00e3o conseguir controlar a filha, a estudante de Letras contraria o desejo imposto pela fam\u00edlia e deixa Vitor, bra\u00e7o direito do pai na empreiteira, com quem namora h\u00e1 anos. Inconformado, Vitor arma para que Renato seja acusado de subvers\u00e3o e consiga retomar o romance. For\u00e7ado a sair do Pa\u00eds, Renato parte para o Chile e espera que Alice o acompanhe, mas ela acaba por n\u00e3o embarcar. No exterior, conhece a m\u00e9dica Rimena, cujos interesses se revelam m\u00fatuos. Durante a Anistia, Renato retorna ao Brasil e se reencontra com Alice, trazendo \u00e0 tona os mesmos sentimentos.<\/p>\n","protected":false},"excerpt":{"rendered":"","protected":false},"author":4,"featured_media":110067,"comment_status":"open","ping_status":"closed","sticky":false,"template":"","format":"standard","meta":{"tdm_status":"","tdm_grid_status":"","footnotes":""},"categories":[379,375,343],"tags":[441],"class_list":{"0":"post-113071","1":"post","2":"type-post","3":"status-publish","4":"format-standard","5":"has-post-thumbnail","7":"category-novelas","8":"category-rede-globo","9":"category-televisao","10":"tag-resumo-do-dia"},"_links":{"self":[{"href":"https:\/\/migracao.redenoticia.com.br\/noticia\/wp-json\/wp\/v2\/posts\/113071","targetHints":{"allow":["GET"]}}],"collection":[{"href":"https:\/\/migracao.redenoticia.com.br\/noticia\/wp-json\/wp\/v2\/posts"}],"about":[{"href":"https:\/\/migracao.redenoticia.com.br\/noticia\/wp-json\/wp\/v2\/types\/post"}],"author":[{"embeddable":true,"href":"https:\/\/migracao.redenoticia.com.br\/noticia\/wp-json\/wp\/v2\/users\/4"}],"replies":[{"embeddable":true,"href":"https:\/\/migracao.redenoticia.com.br\/noticia\/wp-json\/wp\/v2\/comments?post=113071"}],"version-history":[{"count":0,"href":"https:\/\/migracao.redenoticia.com.br\/noticia\/wp-json\/wp\/v2\/posts\/113071\/revisions"}],"wp:featuredmedia":[{"embeddable":true,"href":"https:\/\/migracao.redenoticia.com.br\/noticia\/wp-json\/wp\/v2\/media\/110067"}],"wp:attachment":[{"href":"https:\/\/migracao.redenoticia.com.br\/noticia\/wp-json\/wp\/v2\/media?parent=113071"}],"wp:term":[{"taxonomy":"category","embeddable":true,"href":"https:\/\/migracao.redenoticia.com.br\/noticia\/wp-json\/wp\/v2\/categories?post=113071"},{"taxonomy":"post_tag","embeddable":true,"href":"https:\/\/migracao.redenoticia.com.br\/noticia\/wp-json\/wp\/v2\/tags?post=113071"}],"curies":[{"name":"wp","href":"https:\/\/api.w.org\/{rel}","templated":true}]}}