{"id":1131,"date":"2009-05-03T20:09:25","date_gmt":"2009-05-04T00:09:25","guid":{"rendered":"http:\/\/www.redenoticia.com.br\/noticia\/?p=1131"},"modified":"2009-05-03T20:09:25","modified_gmt":"2009-05-04T00:09:25","slug":"1%c2%aa-fecomind-comeca-esta-semana","status":"publish","type":"post","link":"https:\/\/migracao.redenoticia.com.br\/noticia\/2009\/1%c2%aa-fecomind-comeca-esta-semana\/1131","title":{"rendered":"1\u00aa Fecomind come\u00e7a esta semana"},"content":{"rendered":"<p>A Associa\u00e7\u00e3o Comercial e Industrial de Ji-Paran\u00e1 (Acijip) com o apoio da Prefeitura, realiza entre os dias 7 e 10 de maio, a 1\u00aa Feira do Com\u00e9rcio e da Ind\u00fastria (Fecomind) do munic\u00edpio. Aproximadamente 70 empresas participar\u00e3o da exposi\u00e7\u00e3o durante os dias do evento que acontecer\u00e1 no Gin\u00e1sio de Esportes Gerivald\u00e3o.<\/p>\n<p class=\"MsoNormal\"><span style=\"font-size: 9pt; font-family: Verdana; color: #333333;\"><br \/>\nSegundo o presidente da Acijip, Marcito Pinto, a Fecomind surge com o objetivo maior de fomentar a economia de Rond\u00f4nia. &#8220;A feira proporcionar\u00e1 uma integra\u00e7\u00e3o maior de quem produz e comercializa com o consumidor final. Estamos muito confiantes, por que os empres\u00e1rios t\u00eam acreditado e dado credibilidade ao trabalho que a associa\u00e7\u00e3o tem desenvolvido desde a \u00faltima gest\u00e3o&#8221;, destacou Marcito Pinto.<\/p>\n<p>&#8220;Tanto associados quanto n\u00e3o associados de todo o Estado podem participar. A pra\u00e7a de alimenta\u00e7\u00e3o foi cedida para entidades sociais&#8221;, ressaltou o presidente.<\/p>\n<p>Al\u00e9m de ser uma vitrine para expor seus produtos, cada empres\u00e1rio ter\u00e1 a liberdade de optar pela comercializa\u00e7\u00e3o direta ou n\u00e3o durante a feira. <\/span><\/p>\n<p class=\"MsoNormal\"><span style=\"font-size: 9pt; font-family: Verdana; color: #333333;\">Na parte superior do gin\u00e1sio que faz frente ao DNIT, ter\u00e1 uma feira de autom\u00f3veis com financeiras que cobrar\u00e3o taxas diferenciadas para os convidados da 1\u00aa Fecomind. <\/span><\/p>\n<p class=\"MsoNormal\"><span style=\"font-size: 9pt; font-family: Verdana; color: #333333;\">A Acijip tamb\u00e9m ter\u00e1 um estande para recepcionar os visitantes e imprensa.<\/p>\n<p>Fonte: Assessoria<\/span><span style=\"font-family: Arial;\"><\/span><\/p>\n","protected":false},"excerpt":{"rendered":"<p>A Associa\u00e7\u00e3o Comercial e Industrial de Ji-Paran\u00e1 (Acijip) com o apoio da Prefeitura, realiza entre os dias 7 e 10 de maio, a 1\u00aa Feira do Com\u00e9rcio e da Ind\u00fastria (Fecomind) do munic\u00edpio. Aproximadamente 70 empresas participar\u00e3o da exposi\u00e7\u00e3o durante os dias do evento que acontecer\u00e1 no Gin\u00e1sio de Esportes Gerivald\u00e3o. Segundo o presidente da [&hellip;]<\/p>\n","protected":false},"author":3,"featured_media":0,"comment_status":"open","ping_status":"open","sticky":false,"template":"","format":"standard","meta":{"tdm_status":"","tdm_grid_status":"","footnotes":""},"categories":[22],"tags":[],"class_list":{"0":"post-1131","1":"post","2":"type-post","3":"status-publish","4":"format-standard","6":"category-brasil"},"_links":{"self":[{"href":"https:\/\/migracao.redenoticia.com.br\/noticia\/wp-json\/wp\/v2\/posts\/1131","targetHints":{"allow":["GET"]}}],"collection":[{"href":"https:\/\/migracao.redenoticia.com.br\/noticia\/wp-json\/wp\/v2\/posts"}],"about":[{"href":"https:\/\/migracao.redenoticia.com.br\/noticia\/wp-json\/wp\/v2\/types\/post"}],"author":[{"embeddable":true,"href":"https:\/\/migracao.redenoticia.com.br\/noticia\/wp-json\/wp\/v2\/users\/3"}],"replies":[{"embeddable":true,"href":"https:\/\/migracao.redenoticia.com.br\/noticia\/wp-json\/wp\/v2\/comments?post=1131"}],"version-history":[{"count":0,"href":"https:\/\/migracao.redenoticia.com.br\/noticia\/wp-json\/wp\/v2\/posts\/1131\/revisions"}],"wp:attachment":[{"href":"https:\/\/migracao.redenoticia.com.br\/noticia\/wp-json\/wp\/v2\/media?parent=1131"}],"wp:term":[{"taxonomy":"category","embeddable":true,"href":"https:\/\/migracao.redenoticia.com.br\/noticia\/wp-json\/wp\/v2\/categories?post=1131"},{"taxonomy":"post_tag","embeddable":true,"href":"https:\/\/migracao.redenoticia.com.br\/noticia\/wp-json\/wp\/v2\/tags?post=1131"}],"curies":[{"name":"wp","href":"https:\/\/api.w.org\/{rel}","templated":true}]}}