{"id":113102,"date":"2017-05-15T00:04:59","date_gmt":"2017-05-15T03:04:59","guid":{"rendered":"https:\/\/www.redenoticia.com.br\/noticia\/?p=113102"},"modified":"2017-05-14T21:26:15","modified_gmt":"2017-05-15T00:26:15","slug":"mestrado-em-computacao-e-matematica-aplicadas-a-industria","status":"publish","type":"post","link":"https:\/\/migracao.redenoticia.com.br\/noticia\/2017\/mestrado-em-computacao-e-matematica-aplicadas-a-industria\/113102","title":{"rendered":"Mestrado em Computa\u00e7\u00e3o e Matem\u00e1tica aplicadas \u00e0 ind\u00fastria"},"content":{"rendered":"<p> Ag\u00eancia FAPESP \u2013 Est\u00e3o abertas as inscri\u00e7\u00f5es para o processo seletivo do <strong><em>Mestrado Profissional em Matem\u00e1tica, Estat\u00edstica e Computa\u00e7\u00e3o Aplicadas \u00e0 Ind\u00fastria<\/em><\/strong> (MECAI), oferecido pelo Instituto de Ci\u00eancias Matem\u00e1ticas e de Computa\u00e7\u00e3o (ICMC) da Universidade de S\u00e3o Paulo (USP) em S\u00e3o Carlos e pelo Centro de Ci\u00eancias Matem\u00e1ticas Aplicadas \u00e0 Ind\u00fastria (CeMEAI), um dos Centros de Pesquisa, Inova\u00e7\u00e3o e Difus\u00e3o (CEPIDs) da FAPESP.<\/p>\n<p>S\u00e3o, ao todo, 15 vagas com \u00eanfase em Ci\u00eancias de Dados: Agricultura, Sa\u00fade e Infraestrutura. O prazo de inscri\u00e7\u00e3o encerra em 12 de junho.<\/p>\n<p>O processo seletivo ser\u00e1 realizado em uma \u00fanica etapa e a divulga\u00e7\u00e3o do resultado final, com convocados para a matr\u00edcula e lista de espera, est\u00e1 prevista para ocorrer at\u00e9 o dia 3 de julho.<\/p>\n<p>Mais informa\u00e7\u00f5es podem ser encontradas no  do processo seletivo.<\/p>\n<p>As inscri\u00e7\u00f5es podem ser feitas at\u00e9 o pr\u00f3ximo dia 12 de junho no da P\u00f3s-Gradua\u00e7\u00e3o do ICMC.<\/p>\n<p>Mais informa\u00e7\u00f5es sobre o processo seletivo e o link para as inscri\u00e7\u00f5es est\u00e3o dispon\u00edveis no site , no Facebook , em , e no Twitter, em .<\/p>\n","protected":false},"excerpt":{"rendered":"<p>Ag\u00eancia FAPESP \u2013 Est\u00e3o abertas as inscri\u00e7\u00f5es para o processo seletivo do Mestrado Profissional em Matem\u00e1tica, Estat\u00edstica e Computa\u00e7\u00e3o Aplicadas \u00e0 Ind\u00fastria (MECAI), oferecido pelo Instituto de Ci\u00eancias Matem\u00e1ticas e de Computa\u00e7\u00e3o (ICMC) da Universidade de S\u00e3o Paulo (USP) em S\u00e3o Carlos e pelo Centro de Ci\u00eancias Matem\u00e1ticas Aplicadas \u00e0 Ind\u00fastria (CeMEAI), um dos Centros [&hellip;]<\/p>\n","protected":false},"author":2,"featured_media":57576,"comment_status":"open","ping_status":"closed","sticky":false,"template":"","format":"standard","meta":{"tdm_status":"","tdm_grid_status":"","footnotes":""},"categories":[22,351,370],"tags":[],"class_list":{"0":"post-113102","1":"post","2":"type-post","3":"status-publish","4":"format-standard","5":"has-post-thumbnail","7":"category-brasil","8":"category-cursos","9":"category-inscricao"},"_links":{"self":[{"href":"https:\/\/migracao.redenoticia.com.br\/noticia\/wp-json\/wp\/v2\/posts\/113102","targetHints":{"allow":["GET"]}}],"collection":[{"href":"https:\/\/migracao.redenoticia.com.br\/noticia\/wp-json\/wp\/v2\/posts"}],"about":[{"href":"https:\/\/migracao.redenoticia.com.br\/noticia\/wp-json\/wp\/v2\/types\/post"}],"author":[{"embeddable":true,"href":"https:\/\/migracao.redenoticia.com.br\/noticia\/wp-json\/wp\/v2\/users\/2"}],"replies":[{"embeddable":true,"href":"https:\/\/migracao.redenoticia.com.br\/noticia\/wp-json\/wp\/v2\/comments?post=113102"}],"version-history":[{"count":0,"href":"https:\/\/migracao.redenoticia.com.br\/noticia\/wp-json\/wp\/v2\/posts\/113102\/revisions"}],"wp:featuredmedia":[{"embeddable":true,"href":"https:\/\/migracao.redenoticia.com.br\/noticia\/wp-json\/wp\/v2\/media\/57576"}],"wp:attachment":[{"href":"https:\/\/migracao.redenoticia.com.br\/noticia\/wp-json\/wp\/v2\/media?parent=113102"}],"wp:term":[{"taxonomy":"category","embeddable":true,"href":"https:\/\/migracao.redenoticia.com.br\/noticia\/wp-json\/wp\/v2\/categories?post=113102"},{"taxonomy":"post_tag","embeddable":true,"href":"https:\/\/migracao.redenoticia.com.br\/noticia\/wp-json\/wp\/v2\/tags?post=113102"}],"curies":[{"name":"wp","href":"https:\/\/api.w.org\/{rel}","templated":true}]}}