{"id":113124,"date":"2017-05-12T16:30:17","date_gmt":"2017-05-12T19:30:17","guid":{"rendered":"https:\/\/www.redenoticia.com.br\/noticia\/?p=113124"},"modified":"2017-05-12T16:11:34","modified_gmt":"2017-05-12T19:11:34","slug":"resumo-novela-novo-mundo-1305-thomas-procura-domitila","status":"publish","type":"post","link":"https:\/\/migracao.redenoticia.com.br\/noticia\/2017\/resumo-novela-novo-mundo-1305-thomas-procura-domitila\/113124","title":{"rendered":"Resumo novela \u201cNovo Mundo\u201d 13\/05: Thomas procura Domitila"},"content":{"rendered":"<p><img loading=\"lazy\" decoding=\"async\" class=\"alignleft size-thumbnail wp-image-107950\" src=\"https:\/\/migracao.redenoticia.com.br\/noticia\/imagens\/novo_mundo_novela_resumo_globo-150x112.jpg\" alt=\"\" width=\"150\" height=\"112\" srcset=\"https:\/\/migracao.redenoticia.com.br\/noticia\/imagens\/novo_mundo_novela_resumo_globo-150x112.jpg 150w, https:\/\/migracao.redenoticia.com.br\/noticia\/imagens\/novo_mundo_novela_resumo_globo-265x198.jpg 265w\" sizes=\"auto, (max-width: 150px) 100vw, 150px\" \/><strong><em>Resumo novela \u201cNovo Mundo\u201d 13\/05<\/em><\/strong>: no cap\u00edtulo 046(*) da novela \u201cNovo Mundo\u201d, resumo de s\u00e1bado, 13 de maio, Dom Pedro enfrenta Avilez, que sai do pal\u00e1cio vaiado. Cec\u00edlia fica animada com os acontecimentos na cidade. Dom Pedro e Chala\u00e7a acusam Thomas de trai\u00e7\u00e3o. Joaquim leva Elvira ao jantar de comemora\u00e7\u00e3o no pal\u00e1cio e fica envergonhado. Piat\u00e3 discute com Jacira. Idalina se surpreende ao saber por quem Cec\u00edlia est\u00e1 apaixonada. Jacira e Piat\u00e3 se reconciliam. Leopoldina, Wolfgang e Diara fogem de Elvira. Thomas decide viajar e instrui N\u00edvea a vigiar Anna. Domitila acredita que Chala\u00e7a estragou seus planos. Chala\u00e7a e Peter comemoram o Dia do Fico. Piat\u00e3 e Jacira passam a noite fora da aldeia. Domitila pede que Francisco organize seu encontro com Dom Pedro. Avilez questiona Sebasti\u00e3o sobre o paradeiro de Thomas. Thomas procura Domitila.<\/p>\n<p>(*) edi\u00e7\u00e3o da Rede Globo, Novela \u201cNovo Mundo\u201d, sujeito a altera\u00e7\u00e3o de data e conte\u00fado.<\/p>\n<p>Novo Mundo \u00e9 uma telenovela brasileira produzida pela Rede Globo. Escrita por Thereza Falc\u00e3o e Alessandro Marson, conta com dire\u00e7\u00e3o art\u00edstica de Vin\u00edcius Coimbra. Conta com as participa\u00e7\u00f5es de Isabelle Drummond, Chay Suede, Caio Castro, Let\u00edcia Colin, Leo Jaime, D\u00e9bora Olivieri, Rodrigo Simas, Giullia Buscacio, Vivianne Pasmanter, Guilherme Piva, R\u00f4mulo Estrela, Agatha Moreira, Luisa Micheletti, Gabriel Braga Nunes, e Ingrid Guimar\u00e3es.<\/p>\n","protected":false},"excerpt":{"rendered":"<p>Resumo novela \u201cNovo Mundo\u201d 13\/05: no cap\u00edtulo 046(*) da novela \u201cNovo Mundo\u201d, resumo de s\u00e1bado, 13 de maio, Dom Pedro enfrenta Avilez, que sai do pal\u00e1cio vaiado. Cec\u00edlia fica animada com os acontecimentos na cidade. Dom Pedro e Chala\u00e7a acusam Thomas de trai\u00e7\u00e3o. Joaquim leva Elvira ao jantar de comemora\u00e7\u00e3o no pal\u00e1cio e fica envergonhado. [&hellip;]<\/p>\n","protected":false},"author":4,"featured_media":107950,"comment_status":"open","ping_status":"closed","sticky":false,"template":"","format":"standard","meta":{"tdm_status":"","tdm_grid_status":"","footnotes":""},"categories":[379,375,343],"tags":[441],"class_list":{"0":"post-113124","1":"post","2":"type-post","3":"status-publish","4":"format-standard","5":"has-post-thumbnail","7":"category-novelas","8":"category-rede-globo","9":"category-televisao","10":"tag-resumo-do-dia"},"_links":{"self":[{"href":"https:\/\/migracao.redenoticia.com.br\/noticia\/wp-json\/wp\/v2\/posts\/113124","targetHints":{"allow":["GET"]}}],"collection":[{"href":"https:\/\/migracao.redenoticia.com.br\/noticia\/wp-json\/wp\/v2\/posts"}],"about":[{"href":"https:\/\/migracao.redenoticia.com.br\/noticia\/wp-json\/wp\/v2\/types\/post"}],"author":[{"embeddable":true,"href":"https:\/\/migracao.redenoticia.com.br\/noticia\/wp-json\/wp\/v2\/users\/4"}],"replies":[{"embeddable":true,"href":"https:\/\/migracao.redenoticia.com.br\/noticia\/wp-json\/wp\/v2\/comments?post=113124"}],"version-history":[{"count":0,"href":"https:\/\/migracao.redenoticia.com.br\/noticia\/wp-json\/wp\/v2\/posts\/113124\/revisions"}],"wp:featuredmedia":[{"embeddable":true,"href":"https:\/\/migracao.redenoticia.com.br\/noticia\/wp-json\/wp\/v2\/media\/107950"}],"wp:attachment":[{"href":"https:\/\/migracao.redenoticia.com.br\/noticia\/wp-json\/wp\/v2\/media?parent=113124"}],"wp:term":[{"taxonomy":"category","embeddable":true,"href":"https:\/\/migracao.redenoticia.com.br\/noticia\/wp-json\/wp\/v2\/categories?post=113124"},{"taxonomy":"post_tag","embeddable":true,"href":"https:\/\/migracao.redenoticia.com.br\/noticia\/wp-json\/wp\/v2\/tags?post=113124"}],"curies":[{"name":"wp","href":"https:\/\/api.w.org\/{rel}","templated":true}]}}