{"id":113168,"date":"2017-05-13T16:50:50","date_gmt":"2017-05-13T19:50:50","guid":{"rendered":"https:\/\/www.redenoticia.com.br\/noticia\/?p=113168"},"modified":"2017-05-13T16:36:45","modified_gmt":"2017-05-13T19:36:45","slug":"resumo-novela-chiquititas-1505-glorinha-maltrata-eduarda-e-e-presa","status":"publish","type":"post","link":"https:\/\/migracao.redenoticia.com.br\/noticia\/2017\/resumo-novela-chiquititas-1505-glorinha-maltrata-eduarda-e-e-presa\/113168","title":{"rendered":"Resumo novela \u201cChiquititas\u201d 15\/05: Glorinha maltrata Eduarda e \u00e9 presa"},"content":{"rendered":"<p> <img loading=\"lazy\" decoding=\"async\" class=\"alignleft size-thumbnail wp-image-49690\" src=\"https:\/\/migracao.redenoticia.com.br\/noticia\/imagens\/chiquititas1-150x112.jpg\" alt=\"chiquititas\" width=\"150\" height=\"112\" \/><strong><em>Resumo novela \u201cChiquititas\u201d 15\/05<\/em><\/strong>: no cap\u00edtulo 175(*) da novela \u201cChiquititas\u201d, resumo de segunda-feira, 15 de maio, Miguel grita pelo t\u00fanel do orfanato. O rapaz sofre por Gabriela n\u00e3o o reconhecer e culpa a cicatriz que ele tem no rosto. Gabriela sofre de um grave bloqueio psicol\u00f3gico desde que acreditou que ele e sua filha tivessem morrido. Glorinha n\u00e3o demora muito e volta a maltratar Eduarda. A mulher for\u00e7a Eduarda a comer macarr\u00e3o de forma agressiva. Matias, com a ajuda de Duda, liga para Vivi e diz para ela que os dois precisam se ver. Matias havia fugido do aeroporto para n\u00e3o precisar ir para os Estados Unidos e ficar longe da namorada. \u00c9rica fica preocupada com a repercuss\u00e3o negativa do pr\u00eamio, que revelou que a m\u00fasica de Tom\u00e1s Ferraz foi roubada de Roberto Leal. Glorinha chama Eduarda de in\u00fatil e ao tentar jog\u00e1-la no sof\u00e1 descobre que o celular dela est\u00e1 na estante filmando tudo. Glorinha diz que ir\u00e1 apagar as imagens. <\/p>\n<p>Eduarda cai no ch\u00e3o. Shirley Santana entra no apartamento e diz que mesmo Eduarda n\u00e3o merecendo foi fazer uma visita. Ela fica surpresa ao ver Eduarda ca\u00edda no ch\u00e3o. Eduarda pede para ela pegar seu celular que est\u00e1 com Glorinha. Shirley e Glorinha correm uma atr\u00e1s da outra e acabam aos tapas no sof\u00e1. Duda leva Matias at\u00e9 o orfanato. Vivi sugere que ele v\u00e1 com elas para o acampamento. Mili alerta sobre o perigo. Roberto Leal vai at\u00e9 o Caf\u00e9 Boutique para uma reuni\u00e3o com Beto e Tom\u00e1s Ferraz. Beto tenta convencer que estavam apenas divulgando a m\u00fasica \u201cA Festa Ainda Pode Ser Bonita\u201d. <\/p>\n<p>N\u00e3o demora muito e Tom\u00e1s Ferraz, que na verdade \u00e9 Tobias disfar\u00e7ado, come\u00e7a a discutir com o verdadeiro cantor portugu\u00eas e autor da m\u00fasica, Roberto Leal. Shirley liga para Maria Cecilia e pede para ela ir imediatamente para o apartamento de Eduarda. Junior acompanha Maria Cec\u00edlia. A mulher fica muito irritada ao saber de tudo e chama a policia para prender Glorinha. Eles descobrem que ela estava sendo procurada pelas autoridades por ter maltratado uma crian\u00e7a e uma idosa. Roberto Leal diz que ir\u00e1 brigar com Tom\u00e1s Ferraz e Beto na justi\u00e7a. Maria Cec\u00edlia convence Shirley a cuidar de Eduarda. Matias passa a noite com os meninos, no orfanato, antes de irem para o acampamento. Os pais de Matias sofrem sem saber onde est\u00e1 o menino.<\/p>\n<p>(*) edi\u00e7\u00e3o do SBT, Novela \u201cChiquititas\u201d, sujeito a altera\u00e7\u00e3o de data e conte\u00fado.<\/p>\n<p>Chiquititas gira em torno do orfanato Raio de Luz, que carrega em sua hist\u00f3ria um grande segredo envolvendo a fam\u00edlia e o dono do orfanato, Dr. Jos\u00e9 Ricardo Almeida Campos. Em um per\u00edodo anterior \u00e0 novela, exatos treze anos, sua filha Gabriela se apaixonou e ficou gr\u00e1vida de Miguel, filho de Valentina, empregada da casa dos Almeida Campos. Pouco depois, Jos\u00e9 Ricardo sequestrou sua neta, pois, como um homem conservador, ele n\u00e3o aceitava a ideia de que sua filha se envolvesse com um empregado. Como sua neta, Milena, apelidada como Mili, precisava de um lugar para morar, ele comprou um casar\u00e3o e fundou um orfanato, o Raio de Luz. Mili cresceu l\u00e1 com outras garotas que chegaram posteriormente: Bia, Ana, as irm\u00e3s Tati e Vivi, e Cris. Ao decorrer dos anos, elas se tornam uma fam\u00edlia. Elas s\u00e3o supervisionadas por Ernestina, zeladora do orfanato, e Chico, o cozinheiro amado pelas internas. Sofia, ex-governanta da fam\u00edlia Almeida Campos, \u00e9 a diretora do lugar, at\u00e9 que Carmem, irm\u00e3 de Jos\u00e9 Ricardo, entre em seu lugar. Chegam ainda mais \u00f3rf\u00e3os: Pata, Mosca, Binho e Rafa, que viviam nas ruas antes de entrarem na institui\u00e7\u00e3o. Pata e Mili tornam-se amigas rapidamente, enquanto Mosca, Binho e Rafa s\u00e3o os primeiros garotos a entrar no abrigo. As crian\u00e7as sem-teto foram ajudadas por uma doce e bela garota que tocam e mudam a vida delas, assim como as das garotas \u00f3rf\u00e3s.<\/p>\n","protected":false},"excerpt":{"rendered":"<p>Resumo novela \u201cChiquititas\u201d 15\/05: no cap\u00edtulo 175(*) da novela \u201cChiquititas\u201d, resumo de segunda-feira, 15 de maio, Miguel grita pelo t\u00fanel do orfanato. O rapaz sofre por Gabriela n\u00e3o o reconhecer e culpa a cicatriz que ele tem no rosto. Gabriela sofre de um grave bloqueio psicol\u00f3gico desde que acreditou que ele e sua filha tivessem [&hellip;]<\/p>\n","protected":false},"author":2,"featured_media":49690,"comment_status":"open","ping_status":"closed","sticky":false,"template":"","format":"standard","meta":{"tdm_status":"","tdm_grid_status":"","footnotes":""},"categories":[409,379,372,343],"tags":[441],"class_list":{"0":"post-113168","1":"post","2":"type-post","3":"status-publish","4":"format-standard","5":"has-post-thumbnail","7":"category-chiquititas","8":"category-novelas","9":"category-sbt","10":"category-televisao","11":"tag-resumo-do-dia"},"_links":{"self":[{"href":"https:\/\/migracao.redenoticia.com.br\/noticia\/wp-json\/wp\/v2\/posts\/113168","targetHints":{"allow":["GET"]}}],"collection":[{"href":"https:\/\/migracao.redenoticia.com.br\/noticia\/wp-json\/wp\/v2\/posts"}],"about":[{"href":"https:\/\/migracao.redenoticia.com.br\/noticia\/wp-json\/wp\/v2\/types\/post"}],"author":[{"embeddable":true,"href":"https:\/\/migracao.redenoticia.com.br\/noticia\/wp-json\/wp\/v2\/users\/2"}],"replies":[{"embeddable":true,"href":"https:\/\/migracao.redenoticia.com.br\/noticia\/wp-json\/wp\/v2\/comments?post=113168"}],"version-history":[{"count":0,"href":"https:\/\/migracao.redenoticia.com.br\/noticia\/wp-json\/wp\/v2\/posts\/113168\/revisions"}],"wp:featuredmedia":[{"embeddable":true,"href":"https:\/\/migracao.redenoticia.com.br\/noticia\/wp-json\/wp\/v2\/media\/49690"}],"wp:attachment":[{"href":"https:\/\/migracao.redenoticia.com.br\/noticia\/wp-json\/wp\/v2\/media?parent=113168"}],"wp:term":[{"taxonomy":"category","embeddable":true,"href":"https:\/\/migracao.redenoticia.com.br\/noticia\/wp-json\/wp\/v2\/categories?post=113168"},{"taxonomy":"post_tag","embeddable":true,"href":"https:\/\/migracao.redenoticia.com.br\/noticia\/wp-json\/wp\/v2\/tags?post=113168"}],"curies":[{"name":"wp","href":"https:\/\/api.w.org\/{rel}","templated":true}]}}