{"id":113209,"date":"2017-05-15T00:08:23","date_gmt":"2017-05-15T03:08:23","guid":{"rendered":"https:\/\/www.redenoticia.com.br\/noticia\/?p=113209"},"modified":"2017-05-14T21:29:29","modified_gmt":"2017-05-15T00:29:29","slug":"zika-prejudica-migracao-de-neuronios-para-o-cortex-sugere-estudo","status":"publish","type":"post","link":"https:\/\/migracao.redenoticia.com.br\/noticia\/2017\/zika-prejudica-migracao-de-neuronios-para-o-cortex-sugere-estudo\/113209","title":{"rendered":"Zika prejudica migra\u00e7\u00e3o de neur\u00f4nios para o c\u00f3rtex, sugere estudo"},"content":{"rendered":"<p> Karina Toledo | Ag\u00eancia FAPESP \u2013 Estudos recentes confirmaram que a infec\u00e7\u00e3o cong\u00eanita pelo v\u00edrus <strong><em>Zika<\/em><\/strong> \u2013 especialmente no primeiro trimestre de gesta\u00e7\u00e3o \u2013 pode resultar em altera\u00e7\u00f5es cerebrais graves no rec\u00e9m-nascido, dentre as quais se destaca a microcefalia. Os mecanismos que levam \u00e0 malforma\u00e7\u00e3o do sistema nervoso central, no entanto, ainda n\u00e3o est\u00e3o claros.<\/p>\n<p>Novas hip\u00f3teses foram apresentadas por pesquisadores da Universidade Federal do ABC (UFABC) em publicado na revista Molecular Neurobiology. Segundo os autores, as evid\u00eancias cient\u00edficas existentes at\u00e9 o momento permitem supor que a infec\u00e7\u00e3o pelo Zika prejudica a intera\u00e7\u00e3o entre os neur\u00f4nios e as c\u00e9lulas da glia, considerada essencial para o desenvolvimento do c\u00f3rtex cerebral.<\/p>\n<p>O estudo foi conduzido durante o doutorado de Lais Takata Walter, com  e orienta\u00e7\u00e3o do professor Alexandre Hiroaki Kihara, do Centro de Matem\u00e1tica, Computa\u00e7\u00e3o e Cogni\u00e7\u00e3o (CMCC) da UFABC.<\/p>\n<p>Os pesquisadores revisaram diversos artigos publicados sobre os efeitos do Zika desde a explos\u00e3o dos casos de microcefalia em 2015 e correlacionaram os achados \u00e0 luz dos conhecimentos existentes sobre os processos de neurodesenvolvimento.<\/p>\n<p>O trabalho contou com a colabora\u00e7\u00e3o de M\u00e1rcia Aparecida Speran\u00e7a, professora do Centro de Ci\u00eancias Naturais e Humanas (CCNH) da UFABC, al\u00e9m de pesquisadores da Universidade de S\u00e3o Paulo (USP) e da Universidade de Reading, no Reino Unido.<\/p>\n<p>\u201cH\u00e1 estudos indicando que a infec\u00e7\u00e3o pelo Zika modifica a express\u00e3o de genes codificadores de uma fam\u00edlia de prote\u00ednas conhecidas como conexinas, respons\u00e1veis por promover a ades\u00e3o entre os neur\u00f4nios e as c\u00e9lulas da glia. Mas as consequ\u00eancias desse fato para o desenvolvimento do c\u00e9rebro n\u00e3o foram exploradas nesses artigos\u201d, disse Kihara.<\/p>\n<p>As c\u00e9lulas da glia podem ser divididas, de acordo com sua forma e fun\u00e7\u00e3o, em oligodendr\u00f3citos, astr\u00f3citos, c\u00e9lulas de Schwann, c\u00e9lulas ependim\u00e1rias e micr\u00f3glias. Estima-se que no sistema nervoso central existem aproximadamente 10 c\u00e9lulas da glia para cada neur\u00f4nio, mas elas ocupam apenas metade do volume do tecido nervoso em decorr\u00eancia do tamanho reduzido.<\/p>\n<p>De acordo com Kihara, os neur\u00f4nios que formam o c\u00f3rtex cerebral s\u00e3o majoritariamente originados na zona ventricular, uma regi\u00e3o que delineia os ventr\u00edculos cerebrais, onde se encontram as c\u00e9lulas precursoras neurais em prolifera\u00e7\u00e3o. Boa parte da diferencia\u00e7\u00e3o dos neur\u00f4nios ocorre durante o processo de migra\u00e7\u00e3o para o c\u00f3rtex e, para que isso aconte\u00e7a adequadamente, as c\u00e9lulas da glia funcionam como uma esp\u00e9cie de trilho orientador do caminho.<\/p>\n<p>\u201cNeur\u00f4nios e c\u00e9lulas da glia precisam estar aderidos entre si para que a migra\u00e7\u00e3o ocorra. Nossa hip\u00f3tese \u00e9 que a altera\u00e7\u00e3o na express\u00e3o das conexinas torna o processo menos eficiente. E, de fato, h\u00e1 estudos mostrando que no c\u00e9rebro de beb\u00eas expostos ao Zika durante a gesta\u00e7\u00e3o h\u00e1 um n\u00famero menor de neur\u00f4nios no c\u00f3rtex\u201d, afirmou Kihara.<\/p>\n<p>Ainda com base na revis\u00e3o da literatura cient\u00edfica, o grupo da UFABC sugeriu que a infec\u00e7\u00e3o cong\u00eanita pelo Zika promove uma esp\u00e9cie de conversa cruzada entre duas diferentes vias de morte celular: a apoptose (morte celular programada) e a autofagia (quando a c\u00e9lula autodegrada suas estruturas externas).<\/p>\n<p>\u201cDurante o desenvolvimento do sistema nervoso central, \u00e9 natural que ocorra tanto a prolifera\u00e7\u00e3o como a morte de c\u00e9lulas. A apoptose \u00e9 um mecanismo de morte controlada pelo qual o tecido se esculpe. No entanto, h\u00e1 estudos indicando que a infec\u00e7\u00e3o pelo Zika desregula a express\u00e3o de genes associados tanto \u00e0 apoptose como \u00e0 autofagia. Mas as consequ\u00eancias desse fato para o tecido ainda precisam ser investigadas\u201d, afirmou Kihara.<\/p>\n<p>Nova linha de pesquisa<\/p>\n<p>H\u00e1 cerca de uma d\u00e9cada o grupo de Kihara tem se dedicado a estudar o papel dos genes codificadores das conexinas em diversos modelos de doen\u00e7as que afetam o sistema nervoso central, como epilepsia e paralisia cerebral.<\/p>\n<p>\u201cAgora come\u00e7amos a estudar tamb\u00e9m no contexto da infec\u00e7\u00e3o pelo Zika\u201d, contou o pesquisador.<\/p>\n<p>Em entrevista \u00e0 Ag\u00eancia FAPESP, Walter explicou que o objetivo original de seu projeto de doutorado era investigar detalhes do desenvolvimento da retina e que come\u00e7ou a se interessar pelo v\u00edrus Zika quando foi descrito que a infec\u00e7\u00e3o tamb\u00e9m causa altera\u00e7\u00f5es no sistema visual.<\/p>\n<p>\u201cComecei a ler sobre o Zika por mera curiosidade e o interesse foi crescendo. Acabamos fazendo neste artigo uma compila\u00e7\u00e3o dos principais achados e tamb\u00e9m sugerindo novas linhas de investiga\u00e7\u00e3o\u201d, disse a pesquisadora.<\/p>\n<p>Em colabora\u00e7\u00e3o com Speran\u00e7a e Kihara, a doutoranda pretende avaliar em modelos animais como a infec\u00e7\u00e3o pelo Zika interfere na migra\u00e7\u00e3o de neur\u00f4nios e na forma\u00e7\u00e3o de novas sinapses.<\/p>\n<p>\u201cH\u00e1 muitos trabalhos investigando de que forma o v\u00edrus causa a morte neuronal. N\u00f3s pretendemos avaliar como s\u00e3o afetados os neur\u00f4nios que sobrevivem \u00e0 infec\u00e7\u00e3o. Ser\u00e1 que o v\u00edrus tamb\u00e9m altera a conectividade entre eles?\u201d, questionou.<\/p>\n<p>O artigo Evaluation of Possible Consequences of Zika Virus Infection in the Developing Nervous System pode ser lido em: .<\/p>\n","protected":false},"excerpt":{"rendered":"<p>Karina Toledo | Ag\u00eancia FAPESP \u2013 Estudos recentes confirmaram que a infec\u00e7\u00e3o cong\u00eanita pelo v\u00edrus Zika \u2013 especialmente no primeiro trimestre de gesta\u00e7\u00e3o \u2013 pode resultar em altera\u00e7\u00f5es cerebrais graves no rec\u00e9m-nascido, dentre as quais se destaca a microcefalia. Os mecanismos que levam \u00e0 malforma\u00e7\u00e3o do sistema nervoso central, no entanto, ainda n\u00e3o est\u00e3o claros. [&hellip;]<\/p>\n","protected":false},"author":2,"featured_media":40847,"comment_status":"open","ping_status":"closed","sticky":false,"template":"","format":"standard","meta":{"tdm_status":"","tdm_grid_status":"","footnotes":""},"categories":[22,5],"tags":[],"class_list":{"0":"post-113209","1":"post","2":"type-post","3":"status-publish","4":"format-standard","5":"has-post-thumbnail","7":"category-brasil","8":"category-saude-e-vida"},"_links":{"self":[{"href":"https:\/\/migracao.redenoticia.com.br\/noticia\/wp-json\/wp\/v2\/posts\/113209","targetHints":{"allow":["GET"]}}],"collection":[{"href":"https:\/\/migracao.redenoticia.com.br\/noticia\/wp-json\/wp\/v2\/posts"}],"about":[{"href":"https:\/\/migracao.redenoticia.com.br\/noticia\/wp-json\/wp\/v2\/types\/post"}],"author":[{"embeddable":true,"href":"https:\/\/migracao.redenoticia.com.br\/noticia\/wp-json\/wp\/v2\/users\/2"}],"replies":[{"embeddable":true,"href":"https:\/\/migracao.redenoticia.com.br\/noticia\/wp-json\/wp\/v2\/comments?post=113209"}],"version-history":[{"count":0,"href":"https:\/\/migracao.redenoticia.com.br\/noticia\/wp-json\/wp\/v2\/posts\/113209\/revisions"}],"wp:featuredmedia":[{"embeddable":true,"href":"https:\/\/migracao.redenoticia.com.br\/noticia\/wp-json\/wp\/v2\/media\/40847"}],"wp:attachment":[{"href":"https:\/\/migracao.redenoticia.com.br\/noticia\/wp-json\/wp\/v2\/media?parent=113209"}],"wp:term":[{"taxonomy":"category","embeddable":true,"href":"https:\/\/migracao.redenoticia.com.br\/noticia\/wp-json\/wp\/v2\/categories?post=113209"},{"taxonomy":"post_tag","embeddable":true,"href":"https:\/\/migracao.redenoticia.com.br\/noticia\/wp-json\/wp\/v2\/tags?post=113209"}],"curies":[{"name":"wp","href":"https:\/\/api.w.org\/{rel}","templated":true}]}}