{"id":113227,"date":"2017-05-15T16:32:47","date_gmt":"2017-05-15T19:32:47","guid":{"rendered":"https:\/\/www.redenoticia.com.br\/noticia\/?p=113227"},"modified":"2017-05-16T19:26:14","modified_gmt":"2017-05-16T22:26:14","slug":"resumo-novela-o-que-a-vida-me-roubou-1605-pedro-acusa-jose-luis-de-traidor","status":"publish","type":"post","link":"https:\/\/migracao.redenoticia.com.br\/noticia\/2017\/resumo-novela-o-que-a-vida-me-roubou-1605-pedro-acusa-jose-luis-de-traidor\/113227","title":{"rendered":"Resumo novela \u201cO Que A Vida Me Roubou\u201d 16\/05: Alessandro \u00e9 liberado"},"content":{"rendered":"<p> <img loading=\"lazy\" decoding=\"async\" src=\"https:\/\/migracao.redenoticia.com.br\/noticia\/imagens\/o-que-a-vida-me-roubou-novela-resumo-sbt-150x112.jpg\" alt=\"\" width=\"150\" height=\"112\" class=\"alignleft size-thumbnail wp-image-105656\" srcset=\"https:\/\/migracao.redenoticia.com.br\/noticia\/imagens\/o-que-a-vida-me-roubou-novela-resumo-sbt-150x112.jpg 150w, https:\/\/migracao.redenoticia.com.br\/noticia\/imagens\/o-que-a-vida-me-roubou-novela-resumo-sbt-265x198.jpg 265w\" sizes=\"auto, (max-width: 150px) 100vw, 150px\" \/><strong><em>Resumo novela \u201cO Que A Vida Me Roubou\u201d 16\/05<\/em><\/strong>: no cap\u00edtulo 077(*) da novela \u201cO Que A Vida Me Roubou\u201d, resumo de ter\u00e7a-feira, 16 de maio, Ros\u00e1rio diz a Alessandro que Montserrat foi falar com o capit\u00e3o Robledo, para que o ajude em seu caso e na investiga\u00e7\u00e3o. Montserrat pede ao capit\u00e3o Robledo que investigue Pedro Medina, pois Joaquim deixou um bilhete, posteriormente roubado por Maria, que o comprometia. Ezequiel se enfurece, mas disfar\u00e7a quando Pedro lhe diz que Adolfo ocupar\u00e1 a prefeitura municipal quando ele se tornar governador. Ezequiel, furioso, adverte Adolfo que jamais ser\u00e1 prefeito, pois esse cargo corresponde a ele. Sandro entrega a Pedro o testamento de Benjamin Almonte que Fabiola roubou. Jose Luis diz a Alessandro que est\u00e1 fora da investiga\u00e7\u00e3o e tamb\u00e9m da marinha. O capit\u00e3o Robledo diz a Pedro que Jos\u00e9 Luis cometeu um delito muito grave e Alessandro ficar\u00e1 em liberdade. Pedro, furioso, lhe diz que n\u00e3o pode fazer isso. O capit\u00e3o diz que \u00e9 claro que pode, pois sua palavra tem muito mais poder que a dele. O advogado diz a Alessandro que ele n\u00e3o sabe nada sobre a origem e vida de Sandro Narv\u00e1ez e pede-lhe permiss\u00e3o para investig\u00e1-lo. Angelica come\u00e7a a tossir e cuspir sangue. Alessandro \u00e9 liberado, Vitor o recebe muito feliz. Graziela diz a Adolfo que, se ainda ama Josefina, lhe assegura que tem o seu total apoio. Alessandro e Montserrat t\u00eam um encontro cheio de paix\u00e3o.<\/p>\n<p>(*) edi\u00e7\u00e3o do SBT, Novela \u201cO Que A Vida Me Roubou\u201d, sujeito a altera\u00e7\u00e3o de data e conte\u00fado.<\/p>\n<p>Lo que la vida me rob\u00f3 (no Brasil, O Que a Vida Me Roubou) \u00e9 uma telenovela mexicana produzida por Angelli Nesma Medina para Televisa e exibida pelo Canal de las Estrellas entre 28 de outubro de 2013 e 27 de julho de 2014 em 196 cap\u00edtulos, substituindo La tempestad e sendo substitu\u00edda por Hasta el fin del mundo. A original \u00e9 de Caridad Bravo Adams, sendo esta um remake modernizado das novelas Bodas de odio e Amor real, produzidas em 1983 e 2003, respectivamente. Tem Angelique Boyer, Sebasti\u00e1n Rulli, Luis Roberto Guzm\u00e1n, Daniela Castro, Grettell Vald\u00e9z, Sergio Sendel e Lisset nos papeis principais.<\/p>\n","protected":false},"excerpt":{"rendered":"<p>Resumo novela \u201cO Que A Vida Me Roubou\u201d 16\/05: no cap\u00edtulo 077(*) da novela \u201cO Que A Vida Me Roubou\u201d, resumo de ter\u00e7a-feira, 16 de maio, Ros\u00e1rio diz a Alessandro que Montserrat foi falar com o capit\u00e3o Robledo, para que o ajude em seu caso e na investiga\u00e7\u00e3o. Montserrat pede ao capit\u00e3o Robledo que investigue [&hellip;]<\/p>\n","protected":false},"author":2,"featured_media":105656,"comment_status":"open","ping_status":"closed","sticky":false,"template":"","format":"standard","meta":{"tdm_status":"","tdm_grid_status":"","footnotes":""},"categories":[379,372,343],"tags":[441],"class_list":{"0":"post-113227","1":"post","2":"type-post","3":"status-publish","4":"format-standard","5":"has-post-thumbnail","7":"category-novelas","8":"category-sbt","9":"category-televisao","10":"tag-resumo-do-dia"},"_links":{"self":[{"href":"https:\/\/migracao.redenoticia.com.br\/noticia\/wp-json\/wp\/v2\/posts\/113227","targetHints":{"allow":["GET"]}}],"collection":[{"href":"https:\/\/migracao.redenoticia.com.br\/noticia\/wp-json\/wp\/v2\/posts"}],"about":[{"href":"https:\/\/migracao.redenoticia.com.br\/noticia\/wp-json\/wp\/v2\/types\/post"}],"author":[{"embeddable":true,"href":"https:\/\/migracao.redenoticia.com.br\/noticia\/wp-json\/wp\/v2\/users\/2"}],"replies":[{"embeddable":true,"href":"https:\/\/migracao.redenoticia.com.br\/noticia\/wp-json\/wp\/v2\/comments?post=113227"}],"version-history":[{"count":0,"href":"https:\/\/migracao.redenoticia.com.br\/noticia\/wp-json\/wp\/v2\/posts\/113227\/revisions"}],"wp:featuredmedia":[{"embeddable":true,"href":"https:\/\/migracao.redenoticia.com.br\/noticia\/wp-json\/wp\/v2\/media\/105656"}],"wp:attachment":[{"href":"https:\/\/migracao.redenoticia.com.br\/noticia\/wp-json\/wp\/v2\/media?parent=113227"}],"wp:term":[{"taxonomy":"category","embeddable":true,"href":"https:\/\/migracao.redenoticia.com.br\/noticia\/wp-json\/wp\/v2\/categories?post=113227"},{"taxonomy":"post_tag","embeddable":true,"href":"https:\/\/migracao.redenoticia.com.br\/noticia\/wp-json\/wp\/v2\/tags?post=113227"}],"curies":[{"name":"wp","href":"https:\/\/api.w.org\/{rel}","templated":true}]}}