{"id":113231,"date":"2017-05-15T16:34:20","date_gmt":"2017-05-15T19:34:20","guid":{"rendered":"https:\/\/www.redenoticia.com.br\/noticia\/?p=113231"},"modified":"2017-05-15T13:02:14","modified_gmt":"2017-05-15T16:02:14","slug":"resumo-novela-chiquititas-1605-pai-de-matias-pede-desculpa-a-vivi","status":"publish","type":"post","link":"https:\/\/migracao.redenoticia.com.br\/noticia\/2017\/resumo-novela-chiquititas-1605-pai-de-matias-pede-desculpa-a-vivi\/113231","title":{"rendered":"Resumo novela \u201cChiquititas\u201d 16\/05: pai de Matias pede desculpa a Vivi"},"content":{"rendered":"<p> <img loading=\"lazy\" decoding=\"async\" class=\"alignleft size-thumbnail wp-image-49690\" src=\"https:\/\/migracao.redenoticia.com.br\/noticia\/imagens\/chiquititas1-150x112.jpg\" alt=\"chiquititas\" width=\"150\" height=\"112\" \/><strong><em>Resumo novela \u201cChiquititas\u201d 16\/05<\/em><\/strong>: no cap\u00edtulo 176(*) da novela \u201cChiquititas\u201d, resumo de ter\u00e7a-feira, 16 de maio, Ernestina, que na verdade \u00e9 Matilde, descobre que Matias est\u00e1 escondido no orfanato e conta para Cintia. Vivi chora. Tom\u00e1s Ferraz surta e briga com Beto devido ao processo de Roberto Leal. Os pais de Matias v\u00e3o ao orfanato. Um reencontro emocionante. Vivi diz que n\u00e3o acha justo Matias abrir m\u00e3o da bolsa de estudos nos Estados Unidos e que os dois podem se falar pela internet. No dia seguinte, Matias vai embora. <\/p>\n<p>Ao se despedirem, Matias abra\u00e7a e beija Vivi. O pai de Matias pede desculpa para Vivi. Junior fica intrigado com o significado dos desenhos de Gabriela, que sofre de um grave bloqueio psicol\u00f3gico. Miguel diz para sua m\u00e3e, Valentina, que quer morar escondido no por\u00e3o do orfanato por acreditar que se filho est\u00e1 l\u00e1 (na verdade a filha dele \u00e9 Mili). As Chiquititas v\u00e3o todas para o acampamento de f\u00e9rias. Maria volta para pegar a boneca Laura e acaba sendo esquecida no orfanato. <\/p>\n<p>Tom\u00e1s Ferraz, que na verdade \u00e9 Tobias, e Beto consultam um advogado. Shirley decide fazer uma sess\u00e3o de cabeleireira em Eduarda para mostrar que ela tem talento pra fazer maquiagem e as madeixas, por\u00e9m a maquiagem fica exagerada e Eduarda odeia. Cintia e Matilde pensam em algum plano pra se organizarem no labirinto de t\u00faneis. Maria e Boneca Laura escutam as duas e decidem entrar no t\u00fanel escondidas.<\/p>\n<p>(*) edi\u00e7\u00e3o do SBT, Novela \u201cChiquititas\u201d, sujeito a altera\u00e7\u00e3o de data e conte\u00fado.<\/p>\n<p>Chiquititas gira em torno do orfanato Raio de Luz, que carrega em sua hist\u00f3ria um grande segredo envolvendo a fam\u00edlia e o dono do orfanato, Dr. Jos\u00e9 Ricardo Almeida Campos. Em um per\u00edodo anterior \u00e0 novela, exatos treze anos, sua filha Gabriela se apaixonou e ficou gr\u00e1vida de Miguel, filho de Valentina, empregada da casa dos Almeida Campos. Pouco depois, Jos\u00e9 Ricardo sequestrou sua neta, pois, como um homem conservador, ele n\u00e3o aceitava a ideia de que sua filha se envolvesse com um empregado. Como sua neta, Milena, apelidada como Mili, precisava de um lugar para morar, ele comprou um casar\u00e3o e fundou um orfanato, o Raio de Luz. Mili cresceu l\u00e1 com outras garotas que chegaram posteriormente: Bia, Ana, as irm\u00e3s Tati e Vivi, e Cris. Ao decorrer dos anos, elas se tornam uma fam\u00edlia. Elas s\u00e3o supervisionadas por Ernestina, zeladora do orfanato, e Chico, o cozinheiro amado pelas internas. Sofia, ex-governanta da fam\u00edlia Almeida Campos, \u00e9 a diretora do lugar, at\u00e9 que Carmem, irm\u00e3 de Jos\u00e9 Ricardo, entre em seu lugar. Chegam ainda mais \u00f3rf\u00e3os: Pata, Mosca, Binho e Rafa, que viviam nas ruas antes de entrarem na institui\u00e7\u00e3o. Pata e Mili tornam-se amigas rapidamente, enquanto Mosca, Binho e Rafa s\u00e3o os primeiros garotos a entrar no abrigo. As crian\u00e7as sem-teto foram ajudadas por uma doce e bela garota que tocam e mudam a vida delas, assim como as das garotas \u00f3rf\u00e3s.<\/p>\n","protected":false},"excerpt":{"rendered":"<p>Resumo novela \u201cChiquititas\u201d 16\/05: no cap\u00edtulo 176(*) da novela \u201cChiquititas\u201d, resumo de ter\u00e7a-feira, 16 de maio, Ernestina, que na verdade \u00e9 Matilde, descobre que Matias est\u00e1 escondido no orfanato e conta para Cintia. Vivi chora. Tom\u00e1s Ferraz surta e briga com Beto devido ao processo de Roberto Leal. Os pais de Matias v\u00e3o ao orfanato. [&hellip;]<\/p>\n","protected":false},"author":2,"featured_media":49690,"comment_status":"open","ping_status":"closed","sticky":false,"template":"","format":"standard","meta":{"tdm_status":"","tdm_grid_status":"","footnotes":""},"categories":[409,379,372,343],"tags":[441],"class_list":{"0":"post-113231","1":"post","2":"type-post","3":"status-publish","4":"format-standard","5":"has-post-thumbnail","7":"category-chiquititas","8":"category-novelas","9":"category-sbt","10":"category-televisao","11":"tag-resumo-do-dia"},"_links":{"self":[{"href":"https:\/\/migracao.redenoticia.com.br\/noticia\/wp-json\/wp\/v2\/posts\/113231","targetHints":{"allow":["GET"]}}],"collection":[{"href":"https:\/\/migracao.redenoticia.com.br\/noticia\/wp-json\/wp\/v2\/posts"}],"about":[{"href":"https:\/\/migracao.redenoticia.com.br\/noticia\/wp-json\/wp\/v2\/types\/post"}],"author":[{"embeddable":true,"href":"https:\/\/migracao.redenoticia.com.br\/noticia\/wp-json\/wp\/v2\/users\/2"}],"replies":[{"embeddable":true,"href":"https:\/\/migracao.redenoticia.com.br\/noticia\/wp-json\/wp\/v2\/comments?post=113231"}],"version-history":[{"count":0,"href":"https:\/\/migracao.redenoticia.com.br\/noticia\/wp-json\/wp\/v2\/posts\/113231\/revisions"}],"wp:featuredmedia":[{"embeddable":true,"href":"https:\/\/migracao.redenoticia.com.br\/noticia\/wp-json\/wp\/v2\/media\/49690"}],"wp:attachment":[{"href":"https:\/\/migracao.redenoticia.com.br\/noticia\/wp-json\/wp\/v2\/media?parent=113231"}],"wp:term":[{"taxonomy":"category","embeddable":true,"href":"https:\/\/migracao.redenoticia.com.br\/noticia\/wp-json\/wp\/v2\/categories?post=113231"},{"taxonomy":"post_tag","embeddable":true,"href":"https:\/\/migracao.redenoticia.com.br\/noticia\/wp-json\/wp\/v2\/tags?post=113231"}],"curies":[{"name":"wp","href":"https:\/\/api.w.org\/{rel}","templated":true}]}}