{"id":113237,"date":"2017-05-15T16:38:25","date_gmt":"2017-05-15T19:38:25","guid":{"rendered":"https:\/\/www.redenoticia.com.br\/noticia\/?p=113237"},"modified":"2017-05-15T13:06:32","modified_gmt":"2017-05-15T16:06:32","slug":"resumo-novela-novo-mundo-1605-joaquim-auxilia-o-parto-de-anna","status":"publish","type":"post","link":"https:\/\/migracao.redenoticia.com.br\/noticia\/2017\/resumo-novela-novo-mundo-1605-joaquim-auxilia-o-parto-de-anna\/113237","title":{"rendered":"Resumo novela \u201cNovo Mundo\u201d 16\/05: Joaquim auxilia o parto de Anna"},"content":{"rendered":"<p> <img loading=\"lazy\" decoding=\"async\" class=\"alignleft size-thumbnail wp-image-107950\" src=\"https:\/\/migracao.redenoticia.com.br\/noticia\/imagens\/novo_mundo_novela_resumo_globo-150x112.jpg\" alt=\"\" width=\"150\" height=\"112\" srcset=\"https:\/\/migracao.redenoticia.com.br\/noticia\/imagens\/novo_mundo_novela_resumo_globo-150x112.jpg 150w, https:\/\/migracao.redenoticia.com.br\/noticia\/imagens\/novo_mundo_novela_resumo_globo-265x198.jpg 265w\" sizes=\"auto, (max-width: 150px) 100vw, 150px\" \/><strong><em>Resumo novela \u201cNovo Mundo\u201d 16\/05<\/em><\/strong>: no cap\u00edtulo 048(*) da novela \u201cNovo Mundo\u201d, resumo de ter\u00e7a-feira, 16 de maio, Dom Pedro enfrenta Avilez. Leopoldina e Anna ficam aflitas na fazenda. Joaquim se une a Peter, Lib\u00e9rio, Diara e Wolfgang e leva o povo para lutar a favor de Dom Pedro. Avilez desiste da batalha e \u00e9 obrigado a retirar suas tropas. Cec\u00edlia vibra com a not\u00edcia da vit\u00f3ria de Dom Pedro, enquanto Sebasti\u00e3o se esconde. Thomas passa a noite com Domitila. Piat\u00e3 convence Jacira a seguir a tradi\u00e7\u00e3o at\u00e9 o casamento. Leopoldina se preocupa com a sa\u00fade de Jo\u00e3o Carlos. Anna sente um leve desconforto por causa da gravidez. Dom Pedro manda Joaquim \u00e0 fazenda Santa Cruz. Jacira encontra Ferdinando. Cec\u00edlia escreve mais um artigo como Rosa Branca e Idalina se preocupa. As tropas de S\u00e3o Paulo e de Minas Gerais chegam ao Rio de Janeiro. Francisco pede a Chala\u00e7a que consiga o encontro de Domitila com Dom Pedro. Leopoldina se preocupa com Anna. Joaquim auxilia o parto de Anna.<\/p>\n<p>(*) edi\u00e7\u00e3o da Rede Globo, Novela \u201cNovo Mundo\u201d, sujeito a altera\u00e7\u00e3o de data e conte\u00fado.<\/p>\n<p>Novo Mundo \u00e9 uma telenovela brasileira produzida pela Rede Globo. Escrita por Thereza Falc\u00e3o e Alessandro Marson, conta com dire\u00e7\u00e3o art\u00edstica de Vin\u00edcius Coimbra. Conta com as participa\u00e7\u00f5es de Isabelle Drummond, Chay Suede, Caio Castro, Let\u00edcia Colin, Leo Jaime, D\u00e9bora Olivieri, Rodrigo Simas, Giullia Buscacio, Vivianne Pasmanter, Guilherme Piva, R\u00f4mulo Estrela, Agatha Moreira, Luisa Micheletti, Gabriel Braga Nunes, e Ingrid Guimar\u00e3es.<\/p>\n","protected":false},"excerpt":{"rendered":"<p>Resumo novela \u201cNovo Mundo\u201d 16\/05: no cap\u00edtulo 048(*) da novela \u201cNovo Mundo\u201d, resumo de ter\u00e7a-feira, 16 de maio, Dom Pedro enfrenta Avilez. Leopoldina e Anna ficam aflitas na fazenda. Joaquim se une a Peter, Lib\u00e9rio, Diara e Wolfgang e leva o povo para lutar a favor de Dom Pedro. Avilez desiste da batalha e \u00e9 [&hellip;]<\/p>\n","protected":false},"author":2,"featured_media":107950,"comment_status":"open","ping_status":"closed","sticky":false,"template":"","format":"standard","meta":{"tdm_status":"","tdm_grid_status":"","footnotes":""},"categories":[379,375,343],"tags":[441],"class_list":{"0":"post-113237","1":"post","2":"type-post","3":"status-publish","4":"format-standard","5":"has-post-thumbnail","7":"category-novelas","8":"category-rede-globo","9":"category-televisao","10":"tag-resumo-do-dia"},"_links":{"self":[{"href":"https:\/\/migracao.redenoticia.com.br\/noticia\/wp-json\/wp\/v2\/posts\/113237","targetHints":{"allow":["GET"]}}],"collection":[{"href":"https:\/\/migracao.redenoticia.com.br\/noticia\/wp-json\/wp\/v2\/posts"}],"about":[{"href":"https:\/\/migracao.redenoticia.com.br\/noticia\/wp-json\/wp\/v2\/types\/post"}],"author":[{"embeddable":true,"href":"https:\/\/migracao.redenoticia.com.br\/noticia\/wp-json\/wp\/v2\/users\/2"}],"replies":[{"embeddable":true,"href":"https:\/\/migracao.redenoticia.com.br\/noticia\/wp-json\/wp\/v2\/comments?post=113237"}],"version-history":[{"count":0,"href":"https:\/\/migracao.redenoticia.com.br\/noticia\/wp-json\/wp\/v2\/posts\/113237\/revisions"}],"wp:featuredmedia":[{"embeddable":true,"href":"https:\/\/migracao.redenoticia.com.br\/noticia\/wp-json\/wp\/v2\/media\/107950"}],"wp:attachment":[{"href":"https:\/\/migracao.redenoticia.com.br\/noticia\/wp-json\/wp\/v2\/media?parent=113237"}],"wp:term":[{"taxonomy":"category","embeddable":true,"href":"https:\/\/migracao.redenoticia.com.br\/noticia\/wp-json\/wp\/v2\/categories?post=113237"},{"taxonomy":"post_tag","embeddable":true,"href":"https:\/\/migracao.redenoticia.com.br\/noticia\/wp-json\/wp\/v2\/tags?post=113237"}],"curies":[{"name":"wp","href":"https:\/\/api.w.org\/{rel}","templated":true}]}}