{"id":113309,"date":"2017-05-17T00:04:45","date_gmt":"2017-05-17T03:04:45","guid":{"rendered":"https:\/\/www.redenoticia.com.br\/noticia\/?p=113309"},"modified":"2017-05-16T16:22:57","modified_gmt":"2017-05-16T19:22:57","slug":"treinamento-tecnico-em-biologia-molecular-com-bolsa-da-fapesp-2","status":"publish","type":"post","link":"https:\/\/migracao.redenoticia.com.br\/noticia\/2017\/treinamento-tecnico-em-biologia-molecular-com-bolsa-da-fapesp-2\/113309","title":{"rendered":"Treinamento T\u00e9cnico em Biologia Molecular com Bolsa da FAPESP"},"content":{"rendered":"<p> Ag\u00eancia FAPESP \u2013 O projeto de pesquisa , financiado pela FAPESP, oferece uma oportunidade de <strong><em>Bolsa de Treinamento T\u00e9cnico<\/em><\/strong> (TT-3).<\/p>\n<p>Os candidatos devem ser graduados em Farm\u00e1cia, Biomedicina, Biologia, Qu\u00edmica ou perfil similar. O treinamento ser\u00e1 em processamento e an\u00e1lise de microbiota intestinal em laborat\u00f3rio de pesquisa no Instituto de Medicina Tropical da USP, em S\u00e3o Paulo.<\/p>\n<p>O treinamento ser\u00e1 supervisionado pela professora .<\/p>\n<p>A dura\u00e7\u00e3o da bolsa ser\u00e1 de 12 meses, podendo ser renovada por at\u00e9 12 meses.<\/p>\n<p>O candidato selecionado dever\u00e1 residir no munic\u00edpio de S\u00e3o Paulo e possuir experi\u00eancia pr\u00e9via em laborat\u00f3rio de biologia molecular.<\/p>\n<p>Interessados devem enviar at\u00e9 20 de maio  aos cuidados de Danielle, pelo e-mail: daniellesvega@gmail.com.<\/p>\n<p>Mais informa\u00e7\u00f5es sobre a oportunidade: .<\/p>\n<p>Outras vagas de bolsas, em diversas \u00e1reas do conhecimento, est\u00e3o dispon\u00edveis no site FAPESP-Oportunidades, em .<\/p>\n<p>&#8212;<br \/>\n Bolsa de TT-3 em Biologia Molecular<br \/>\nN\u00ba: 1550<br \/>\n\u00c1rea de conhecimento: Biologia Geral<br \/>\nN\u00ba do processo FAPESP:<br \/>\nT\u00edtulo do projeto: ESTUDO MINA &#8211; MATERNO-INFANTIL NO ACRE: Coorte de Nascimentos na Amaz\u00f4nia Ocidental Brasileira<br \/>\n\u00c1rea de atua\u00e7\u00e3o: Biologia Molecular<br \/>\nIn\u00edcio: 01\/06\/2017<br \/>\nPesquisador principal: Marly A. Cardoso<br \/>\nUnidade\/Institui\u00e7\u00e3o: Instituto de Medicina Tropical \/ USP<br \/>\nData limite para inscri\u00e7\u00f5es: 20\/05\/2017<br \/>\nPublicado em: 04\/05\/2017<br \/>\nLocaliza\u00e7\u00e3o: Av. Dr. En\u00e9as de Carvalho Aguiar, 470 &#8211; Jardim America, S\u00e3o Paulo &#8211; SP, 05403-000<br \/>\nE-mail para inscri\u00e7\u00f5es: marlyac@usp.br<\/p>\n","protected":false},"excerpt":{"rendered":"<p>Ag\u00eancia FAPESP \u2013 O projeto de pesquisa , financiado pela FAPESP, oferece uma oportunidade de Bolsa de Treinamento T\u00e9cnico (TT-3). Os candidatos devem ser graduados em Farm\u00e1cia, Biomedicina, Biologia, Qu\u00edmica ou perfil similar. O treinamento ser\u00e1 em processamento e an\u00e1lise de microbiota intestinal em laborat\u00f3rio de pesquisa no Instituto de Medicina Tropical da USP, em [&hellip;]<\/p>\n","protected":false},"author":2,"featured_media":36246,"comment_status":"open","ping_status":"closed","sticky":false,"template":"","format":"standard","meta":{"tdm_status":"","tdm_grid_status":"","footnotes":""},"categories":[22,351,370],"tags":[],"class_list":{"0":"post-113309","1":"post","2":"type-post","3":"status-publish","4":"format-standard","5":"has-post-thumbnail","7":"category-brasil","8":"category-cursos","9":"category-inscricao"},"_links":{"self":[{"href":"https:\/\/migracao.redenoticia.com.br\/noticia\/wp-json\/wp\/v2\/posts\/113309","targetHints":{"allow":["GET"]}}],"collection":[{"href":"https:\/\/migracao.redenoticia.com.br\/noticia\/wp-json\/wp\/v2\/posts"}],"about":[{"href":"https:\/\/migracao.redenoticia.com.br\/noticia\/wp-json\/wp\/v2\/types\/post"}],"author":[{"embeddable":true,"href":"https:\/\/migracao.redenoticia.com.br\/noticia\/wp-json\/wp\/v2\/users\/2"}],"replies":[{"embeddable":true,"href":"https:\/\/migracao.redenoticia.com.br\/noticia\/wp-json\/wp\/v2\/comments?post=113309"}],"version-history":[{"count":0,"href":"https:\/\/migracao.redenoticia.com.br\/noticia\/wp-json\/wp\/v2\/posts\/113309\/revisions"}],"wp:featuredmedia":[{"embeddable":true,"href":"https:\/\/migracao.redenoticia.com.br\/noticia\/wp-json\/wp\/v2\/media\/36246"}],"wp:attachment":[{"href":"https:\/\/migracao.redenoticia.com.br\/noticia\/wp-json\/wp\/v2\/media?parent=113309"}],"wp:term":[{"taxonomy":"category","embeddable":true,"href":"https:\/\/migracao.redenoticia.com.br\/noticia\/wp-json\/wp\/v2\/categories?post=113309"},{"taxonomy":"post_tag","embeddable":true,"href":"https:\/\/migracao.redenoticia.com.br\/noticia\/wp-json\/wp\/v2\/tags?post=113309"}],"curies":[{"name":"wp","href":"https:\/\/api.w.org\/{rel}","templated":true}]}}