{"id":113339,"date":"2017-05-17T00:06:32","date_gmt":"2017-05-17T03:06:32","guid":{"rendered":"https:\/\/www.redenoticia.com.br\/noticia\/?p=113339"},"modified":"2017-05-16T16:25:50","modified_gmt":"2017-05-16T19:25:50","slug":"fapesp-e-cnpq-abrem-nova-chamada-do-pronex","status":"publish","type":"post","link":"https:\/\/migracao.redenoticia.com.br\/noticia\/2017\/fapesp-e-cnpq-abrem-nova-chamada-do-pronex\/113339","title":{"rendered":"FAPESP e CNPq abrem nova chamada do Pronex"},"content":{"rendered":"<p> Ag\u00eancia FAPESP \u2013 A FAPESP e o Conselho Nacional de Desenvolvimento Cient\u00edfico e Tecnol\u00f3gico (CNPq) anunciam nova chamada de propostas no <strong><em>Programa de Apoio a N\u00facleos de Excel\u00eancia<\/em><\/strong> (Pronex). Ser\u00e3o selecionadas propostas em temas relacionados \u00e0s mais diversas \u00e1reas do conhecimento, em conson\u00e2ncia com os objetivos do Pronex, que visa contribuir para consolidar o processo de desenvolvimento cient\u00edfico-tecnol\u00f3gico brasileiro.<\/p>\n<p>O total de recursos oferecido para atender \u00e0s propostas selecionadas na chamada \u00e9 de R$ 16 milh\u00f5es, sendo 50% oferecidos pela FAPESP e 50% pelo CNPq. A chamada est\u00e1 vinculada ao conv\u00eanio FAPESP-MCTIC\/CNPq-Pronex 2013.<\/p>\n<p>Podem participar da chamada pesquisadores vinculados a institui\u00e7\u00f5es de ensino superior e de pesquisa, p\u00fablicas e privadas sem fins lucrativos, no Estado de S\u00e3o Paulo.<\/p>\n<p>As propostas devem ser apresentadas na modalidade Aux\u00edlio \u00e0 Pesquisa \u2013 Projeto Tem\u00e1tico. Os projetos ter\u00e3o dura\u00e7\u00e3o de 48 meses, prorrog\u00e1veis no m\u00e1ximo at\u00e9 60 meses.<\/p>\n<p>Al\u00e9m das condi\u00e7\u00f5es especificadas para Projetos Tem\u00e1ticos FAPESP, as propostas devem ter equipes com no m\u00ednimo tr\u00eas bolsistas de produtividade categoria 1 do CNPq (PQ ou DT), ou pesquisadores com perfil equivalente, incluindo o proponente e pesquisadores principais, necessariamente vinculados a pelo menos duas institui\u00e7\u00f5es distintas e inscritos em apenas uma proposta.<\/p>\n<p>As solicita\u00e7\u00f5es ser\u00e3o recebidas pela FAPESP em fluxo cont\u00ednuo, durante todo o ano. As propostas ser\u00e3o selecionadas enquanto houver recursos dispon\u00edveis.<\/p>\n<p>As propostas devem ser submetidas por via eletr\u00f4nica utilizando o Sistema de Apoio a Gest\u00e3o (SAGe) da FAPESP, no endere\u00e7o: .<\/p>\n<p>A chamada de propostas est\u00e1 publicada em: .<\/p>\n","protected":false},"excerpt":{"rendered":"<p>Ag\u00eancia FAPESP \u2013 A FAPESP e o Conselho Nacional de Desenvolvimento Cient\u00edfico e Tecnol\u00f3gico (CNPq) anunciam nova chamada de propostas no Programa de Apoio a N\u00facleos de Excel\u00eancia (Pronex). Ser\u00e3o selecionadas propostas em temas relacionados \u00e0s mais diversas \u00e1reas do conhecimento, em conson\u00e2ncia com os objetivos do Pronex, que visa contribuir para consolidar o processo [&hellip;]<\/p>\n","protected":false},"author":2,"featured_media":28951,"comment_status":"open","ping_status":"closed","sticky":false,"template":"","format":"standard","meta":{"tdm_status":"","tdm_grid_status":"","footnotes":""},"categories":[22,370,353],"tags":[],"class_list":{"0":"post-113339","1":"post","2":"type-post","3":"status-publish","4":"format-standard","5":"has-post-thumbnail","7":"category-brasil","8":"category-inscricao","9":"category-oportunidades"},"_links":{"self":[{"href":"https:\/\/migracao.redenoticia.com.br\/noticia\/wp-json\/wp\/v2\/posts\/113339","targetHints":{"allow":["GET"]}}],"collection":[{"href":"https:\/\/migracao.redenoticia.com.br\/noticia\/wp-json\/wp\/v2\/posts"}],"about":[{"href":"https:\/\/migracao.redenoticia.com.br\/noticia\/wp-json\/wp\/v2\/types\/post"}],"author":[{"embeddable":true,"href":"https:\/\/migracao.redenoticia.com.br\/noticia\/wp-json\/wp\/v2\/users\/2"}],"replies":[{"embeddable":true,"href":"https:\/\/migracao.redenoticia.com.br\/noticia\/wp-json\/wp\/v2\/comments?post=113339"}],"version-history":[{"count":0,"href":"https:\/\/migracao.redenoticia.com.br\/noticia\/wp-json\/wp\/v2\/posts\/113339\/revisions"}],"wp:featuredmedia":[{"embeddable":true,"href":"https:\/\/migracao.redenoticia.com.br\/noticia\/wp-json\/wp\/v2\/media\/28951"}],"wp:attachment":[{"href":"https:\/\/migracao.redenoticia.com.br\/noticia\/wp-json\/wp\/v2\/media?parent=113339"}],"wp:term":[{"taxonomy":"category","embeddable":true,"href":"https:\/\/migracao.redenoticia.com.br\/noticia\/wp-json\/wp\/v2\/categories?post=113339"},{"taxonomy":"post_tag","embeddable":true,"href":"https:\/\/migracao.redenoticia.com.br\/noticia\/wp-json\/wp\/v2\/tags?post=113339"}],"curies":[{"name":"wp","href":"https:\/\/api.w.org\/{rel}","templated":true}]}}