{"id":113401,"date":"2017-05-17T16:36:25","date_gmt":"2017-05-17T19:36:25","guid":{"rendered":"https:\/\/www.redenoticia.com.br\/noticia\/?p=113401"},"modified":"2017-05-17T15:54:40","modified_gmt":"2017-05-17T18:54:40","slug":"resumo-novela-o-que-a-vida-me-roubou-1805-pedro-recebe-padre-anselmo","status":"publish","type":"post","link":"https:\/\/migracao.redenoticia.com.br\/noticia\/2017\/resumo-novela-o-que-a-vida-me-roubou-1805-pedro-recebe-padre-anselmo\/113401","title":{"rendered":"Resumo novela \u201cO Que A Vida Me Roubou\u201d 18\/05: Pedro recebe Padre Anselmo"},"content":{"rendered":"<p> <img loading=\"lazy\" decoding=\"async\" src=\"https:\/\/migracao.redenoticia.com.br\/noticia\/imagens\/o-que-a-vida-me-roubou-novela-resumo-sbt-150x112.jpg\" alt=\"\" width=\"150\" height=\"112\" class=\"alignleft size-thumbnail wp-image-105656\" srcset=\"https:\/\/migracao.redenoticia.com.br\/noticia\/imagens\/o-que-a-vida-me-roubou-novela-resumo-sbt-150x112.jpg 150w, https:\/\/migracao.redenoticia.com.br\/noticia\/imagens\/o-que-a-vida-me-roubou-novela-resumo-sbt-265x198.jpg 265w\" sizes=\"auto, (max-width: 150px) 100vw, 150px\" \/><strong><em>Resumo novela \u201cO Que A Vida Me Roubou\u201d 18\/05<\/em><\/strong>: no cap\u00edtulo 079(*) da novela \u201cO Que A Vida Me Roubou\u201d, resumo de quinta-feira, 18 de maio, Fabiola visita Angelica e, em agonia, confessa que tem visto como ela olha para Jos\u00e9 Luis Guillen. Angelica pede a ela para dizer a verdade. Adolfo visita Josefina e a beija apaixonadamente, enquanto Graziela tira uma foto daquele momento. Pedro recebe o Padre Anselmo em seu gabinete e come\u00e7a a questionar sobre a carta de Joaquim Ar\u00e9chiga. Nervoso e com medo, apenas lhe diz que esta carta foi queimada. Pedro quer saber o que ela continha. Em um forte confronto entre Dem\u00e9trio e Adolfo, este o desafia para ver quem ganha a confian\u00e7a de Josefina. Carlota chega na fazenda com Ezequiel para anunciar seu casamento. Alessandro e Montserrat s\u00e3o surpreendidos com a not\u00edcia. Alessandro quer descobrir por que Pedro tem tanto \u00f3dio e lembra um acidente que aconteceu anos atr\u00e1s. Nadia, preocupada com sua situa\u00e7\u00e3o com Pedro, recorda quando ele confessou o motivo que o afasta dela.<\/p>\n<p>(*) edi\u00e7\u00e3o do SBT, Novela \u201cO Que A Vida Me Roubou\u201d, sujeito a altera\u00e7\u00e3o de data e conte\u00fado.<\/p>\n<p>Lo que la vida me rob\u00f3 (no Brasil, O Que a Vida Me Roubou) \u00e9 uma telenovela mexicana produzida por Angelli Nesma Medina para Televisa e exibida pelo Canal de las Estrellas entre 28 de outubro de 2013 e 27 de julho de 2014 em 196 cap\u00edtulos, substituindo La tempestad e sendo substitu\u00edda por Hasta el fin del mundo. A original \u00e9 de Caridad Bravo Adams, sendo esta um remake modernizado das novelas Bodas de odio e Amor real, produzidas em 1983 e 2003, respectivamente. Tem Angelique Boyer, Sebasti\u00e1n Rulli, Luis Roberto Guzm\u00e1n, Daniela Castro, Grettell Vald\u00e9z, Sergio Sendel e Lisset nos papeis principais.<\/p>\n","protected":false},"excerpt":{"rendered":"<p>Resumo novela \u201cO Que A Vida Me Roubou\u201d 18\/05: no cap\u00edtulo 079(*) da novela \u201cO Que A Vida Me Roubou\u201d, resumo de quinta-feira, 18 de maio, Fabiola visita Angelica e, em agonia, confessa que tem visto como ela olha para Jos\u00e9 Luis Guillen. Angelica pede a ela para dizer a verdade. Adolfo visita Josefina e [&hellip;]<\/p>\n","protected":false},"author":2,"featured_media":105656,"comment_status":"open","ping_status":"closed","sticky":false,"template":"","format":"standard","meta":{"tdm_status":"","tdm_grid_status":"","footnotes":""},"categories":[379,372,343],"tags":[441],"class_list":{"0":"post-113401","1":"post","2":"type-post","3":"status-publish","4":"format-standard","5":"has-post-thumbnail","7":"category-novelas","8":"category-sbt","9":"category-televisao","10":"tag-resumo-do-dia"},"_links":{"self":[{"href":"https:\/\/migracao.redenoticia.com.br\/noticia\/wp-json\/wp\/v2\/posts\/113401","targetHints":{"allow":["GET"]}}],"collection":[{"href":"https:\/\/migracao.redenoticia.com.br\/noticia\/wp-json\/wp\/v2\/posts"}],"about":[{"href":"https:\/\/migracao.redenoticia.com.br\/noticia\/wp-json\/wp\/v2\/types\/post"}],"author":[{"embeddable":true,"href":"https:\/\/migracao.redenoticia.com.br\/noticia\/wp-json\/wp\/v2\/users\/2"}],"replies":[{"embeddable":true,"href":"https:\/\/migracao.redenoticia.com.br\/noticia\/wp-json\/wp\/v2\/comments?post=113401"}],"version-history":[{"count":0,"href":"https:\/\/migracao.redenoticia.com.br\/noticia\/wp-json\/wp\/v2\/posts\/113401\/revisions"}],"wp:featuredmedia":[{"embeddable":true,"href":"https:\/\/migracao.redenoticia.com.br\/noticia\/wp-json\/wp\/v2\/media\/105656"}],"wp:attachment":[{"href":"https:\/\/migracao.redenoticia.com.br\/noticia\/wp-json\/wp\/v2\/media?parent=113401"}],"wp:term":[{"taxonomy":"category","embeddable":true,"href":"https:\/\/migracao.redenoticia.com.br\/noticia\/wp-json\/wp\/v2\/categories?post=113401"},{"taxonomy":"post_tag","embeddable":true,"href":"https:\/\/migracao.redenoticia.com.br\/noticia\/wp-json\/wp\/v2\/tags?post=113401"}],"curies":[{"name":"wp","href":"https:\/\/api.w.org\/{rel}","templated":true}]}}