{"id":113405,"date":"2017-05-17T16:38:26","date_gmt":"2017-05-17T19:38:26","guid":{"rendered":"https:\/\/www.redenoticia.com.br\/noticia\/?p=113405"},"modified":"2017-05-17T15:58:50","modified_gmt":"2017-05-17T18:58:50","slug":"resumo-novela-chiquititas-1805-fernando-chama-carol-para-sair","status":"publish","type":"post","link":"https:\/\/migracao.redenoticia.com.br\/noticia\/2017\/resumo-novela-chiquititas-1805-fernando-chama-carol-para-sair\/113405","title":{"rendered":"Resumo novela \u201cChiquititas\u201d 18\/05: Fernando chama Carol para sair"},"content":{"rendered":"<p> <img loading=\"lazy\" decoding=\"async\" class=\"alignleft size-thumbnail wp-image-49690\" src=\"https:\/\/migracao.redenoticia.com.br\/noticia\/imagens\/chiquititas1-150x112.jpg\" alt=\"chiquititas\" width=\"150\" height=\"112\" \/><strong><em>Resumo novela \u201cChiquititas\u201d 18\/05<\/em><\/strong>: no cap\u00edtulo 178(*) da novela \u201cChiquititas\u201d, resumo de quinta-feira, 18 de maio, Barbara diz que eles nunca devem andar sozinhos na mata e que os maiores sempre devem ficar de olho nos menores. Cintia e Armando v\u00e3o novamente para o labirinto para procurar o tesouro. Um rep\u00f3rter filma escondido uma discuss\u00e3o de Tom\u00e1s Ferraz com \u00c9rica, que tenta terminar o namoro com ele. Tom\u00e1s a chama de oportunista. <\/p>\n<p>Maria Cec\u00edlia e Junior chegam para a reuni\u00e3o com Beto e Tobias, que est\u00e1 vestido como Tom\u00e1s Ferraz. Os dois avisam que o contrato de publicidade n\u00e3o ser\u00e1 renovado devido a pol\u00eamica envolvendo Roberto Leal. Tobias surta, grita e chama todos de oportunistas e covardes. Beto diz que Tobias est\u00e1 deixando o \u2018eu\u2019 dele de lado para viver apenas como Tom\u00e1s Ferraz. No acampamento, clipe de cena com a m\u00fasica \u201cBerlinda\u201d. As crian\u00e7as s\u00e3o divididas em tr\u00eas equipes para uma nova atividade. <\/p>\n<p>Miguel quase \u00e9 flagrado por Cintia e Armando. O rapaz conta para Valentina que escutou os dois falarem do tesouro. Valentina diz que deve ter sido por isso que ela se aproximou de Jos\u00e9 Ricardo. Fernando chama Carol para sair. O rapaz convence Carol a deixar ele cozinhar um jantar para os dois na casa dela. Carol se arruma para receber Fernando. No acampamento, as crian\u00e7as escrevem seus maiores medos numa atividade em volta da fogueira. Em seguida precisam passar o que escreveram para o amigo do lado. Mili se surpreende ao ler que Mosca escreveu que tem medo de perder as pessoas que ele ama, como os amigos, a irm\u00e3 e Mili.<\/p>\n<p>(*) edi\u00e7\u00e3o do SBT, Novela \u201cChiquititas\u201d, sujeito a altera\u00e7\u00e3o de data e conte\u00fado.<\/p>\n<p>Chiquititas gira em torno do orfanato Raio de Luz, que carrega em sua hist\u00f3ria um grande segredo envolvendo a fam\u00edlia e o dono do orfanato, Dr. Jos\u00e9 Ricardo Almeida Campos. Em um per\u00edodo anterior \u00e0 novela, exatos treze anos, sua filha Gabriela se apaixonou e ficou gr\u00e1vida de Miguel, filho de Valentina, empregada da casa dos Almeida Campos. Pouco depois, Jos\u00e9 Ricardo sequestrou sua neta, pois, como um homem conservador, ele n\u00e3o aceitava a ideia de que sua filha se envolvesse com um empregado. Como sua neta, Milena, apelidada como Mili, precisava de um lugar para morar, ele comprou um casar\u00e3o e fundou um orfanato, o Raio de Luz. Mili cresceu l\u00e1 com outras garotas que chegaram posteriormente: Bia, Ana, as irm\u00e3s Tati e Vivi, e Cris. Ao decorrer dos anos, elas se tornam uma fam\u00edlia. Elas s\u00e3o supervisionadas por Ernestina, zeladora do orfanato, e Chico, o cozinheiro amado pelas internas. Sofia, ex-governanta da fam\u00edlia Almeida Campos, \u00e9 a diretora do lugar, at\u00e9 que Carmem, irm\u00e3 de Jos\u00e9 Ricardo, entre em seu lugar. Chegam ainda mais \u00f3rf\u00e3os: Pata, Mosca, Binho e Rafa, que viviam nas ruas antes de entrarem na institui\u00e7\u00e3o. Pata e Mili tornam-se amigas rapidamente, enquanto Mosca, Binho e Rafa s\u00e3o os primeiros garotos a entrar no abrigo. As crian\u00e7as sem-teto foram ajudadas por uma doce e bela garota que tocam e mudam a vida delas, assim como as das garotas \u00f3rf\u00e3s.<\/p>\n","protected":false},"excerpt":{"rendered":"<p>Resumo novela \u201cChiquititas\u201d 18\/05: no cap\u00edtulo 178(*) da novela \u201cChiquititas\u201d, resumo de quinta-feira, 18 de maio, Barbara diz que eles nunca devem andar sozinhos na mata e que os maiores sempre devem ficar de olho nos menores. Cintia e Armando v\u00e3o novamente para o labirinto para procurar o tesouro. Um rep\u00f3rter filma escondido uma discuss\u00e3o [&hellip;]<\/p>\n","protected":false},"author":2,"featured_media":49690,"comment_status":"open","ping_status":"closed","sticky":false,"template":"","format":"standard","meta":{"tdm_status":"","tdm_grid_status":"","footnotes":""},"categories":[409,379,372,343],"tags":[441],"class_list":{"0":"post-113405","1":"post","2":"type-post","3":"status-publish","4":"format-standard","5":"has-post-thumbnail","7":"category-chiquititas","8":"category-novelas","9":"category-sbt","10":"category-televisao","11":"tag-resumo-do-dia"},"_links":{"self":[{"href":"https:\/\/migracao.redenoticia.com.br\/noticia\/wp-json\/wp\/v2\/posts\/113405","targetHints":{"allow":["GET"]}}],"collection":[{"href":"https:\/\/migracao.redenoticia.com.br\/noticia\/wp-json\/wp\/v2\/posts"}],"about":[{"href":"https:\/\/migracao.redenoticia.com.br\/noticia\/wp-json\/wp\/v2\/types\/post"}],"author":[{"embeddable":true,"href":"https:\/\/migracao.redenoticia.com.br\/noticia\/wp-json\/wp\/v2\/users\/2"}],"replies":[{"embeddable":true,"href":"https:\/\/migracao.redenoticia.com.br\/noticia\/wp-json\/wp\/v2\/comments?post=113405"}],"version-history":[{"count":0,"href":"https:\/\/migracao.redenoticia.com.br\/noticia\/wp-json\/wp\/v2\/posts\/113405\/revisions"}],"wp:featuredmedia":[{"embeddable":true,"href":"https:\/\/migracao.redenoticia.com.br\/noticia\/wp-json\/wp\/v2\/media\/49690"}],"wp:attachment":[{"href":"https:\/\/migracao.redenoticia.com.br\/noticia\/wp-json\/wp\/v2\/media?parent=113405"}],"wp:term":[{"taxonomy":"category","embeddable":true,"href":"https:\/\/migracao.redenoticia.com.br\/noticia\/wp-json\/wp\/v2\/categories?post=113405"},{"taxonomy":"post_tag","embeddable":true,"href":"https:\/\/migracao.redenoticia.com.br\/noticia\/wp-json\/wp\/v2\/tags?post=113405"}],"curies":[{"name":"wp","href":"https:\/\/api.w.org\/{rel}","templated":true}]}}