{"id":113469,"date":"2017-05-18T00:07:13","date_gmt":"2017-05-18T03:07:13","guid":{"rendered":"https:\/\/www.redenoticia.com.br\/noticia\/?p=113469"},"modified":"2017-05-18T01:16:57","modified_gmt":"2017-05-18T04:16:57","slug":"confira-as-datas-dos-vestibulares-2018-da-fuvest-unicamp-e-unesp","status":"publish","type":"post","link":"https:\/\/migracao.redenoticia.com.br\/noticia\/2017\/confira-as-datas-dos-vestibulares-2018-da-fuvest-unicamp-e-unesp\/113469","title":{"rendered":"Confira as datas dos vestibulares 2018 da Fuvest, Unicamp e Unesp"},"content":{"rendered":"<p> Quem deseja estudar em uma universidade p\u00fablica estadual em 2018 deve ficar atento \u00e0s datas dos <strong><em>vestibulares. Fuvest, Unesp e Unicamp<\/em><\/strong> j\u00e1 definiram os dias de inscri\u00e7\u00f5es e provas. Veja:<\/p>\n<p>Fuvest<br \/>\nAs inscri\u00e7\u00f5es devem ser realizadas de 21 de agosto a 11 de setembro. A prova da primeira fase ser\u00e1 dia 26 de novembro. J\u00e1 a segunda fase ocorrer\u00e1 de 7 a 9 de janeiro do pr\u00f3ximo ano.<br \/>\nMais informa\u00e7\u00f5es <\/p>\n<p>Unicamp<br \/>\nCadastro come\u00e7ara em 31 de julho e dever\u00e1 ser feito at\u00e9 dia 31 de agosto. O valor da taxa de inscri\u00e7\u00e3o ainda n\u00e3o foi definido. A primeira fase ser\u00e1 realizada no dia 19 de novembro e a segunda fase, nos dias 14, 15 e 16 de janeiro de 2018.<\/p>\n<p>Antes da primeira fase, haver\u00e1 provas de Habilidades Espec\u00edficas para candidatos aos cursos de M\u00fasica (no per\u00edodo de 4 a 11 de setembro \u2013 Etapa I e de 15 a 16 de outubro \u2013 Etapa II). Para os demais cursos que exigem provas espec\u00edficas (Arquitetura e Urbanismo, Artes C\u00eanicas, Artes Visuais e Dan\u00e7a), as provas de Habilidades Espec\u00edficas ocorrer\u00e3o no per\u00edodo de 22 a 25 de janeiro de 2018.<br \/>\nMais informa\u00e7\u00f5es .<\/p>\n<p>Unesp<br \/>\nO per\u00edodo de inscri\u00e7\u00f5es ser\u00e1 de 11 de setembro a 9 de outubro. Antes deste per\u00edodo, a institui\u00e7\u00e3o divulgar\u00e1 as datas para pedidos de isen\u00e7\u00e3o e redu\u00e7\u00e3o da taxa. Exame da primeira fase ocorrer\u00e1 no dia 15 de novembro. Os candidatos habilitados e convocados para a segunda fase far\u00e3o novas provas nos dias 17 e 18 de dezembro, um domingo e uma segunda. Resultado final da Unesp ser\u00e1 divulgado em 2 de fevereiro de 2018.<br \/>\nMais informa\u00e7\u00f5es .<\/p>\n<p>Do Portal do Governo SP<\/p>\n","protected":false},"excerpt":{"rendered":"<p>Quem deseja estudar em uma universidade p\u00fablica estadual em 2018 deve ficar atento \u00e0s datas dos vestibulares. Fuvest, Unesp e Unicamp j\u00e1 definiram os dias de inscri\u00e7\u00f5es e provas. Veja: Fuvest As inscri\u00e7\u00f5es devem ser realizadas de 21 de agosto a 11 de setembro. A prova da primeira fase ser\u00e1 dia 26 de novembro. J\u00e1 [&hellip;]<\/p>\n","protected":false},"author":2,"featured_media":36244,"comment_status":"open","ping_status":"closed","sticky":false,"template":"","format":"standard","meta":{"tdm_status":"","tdm_grid_status":"","footnotes":""},"categories":[22,370,295],"tags":[],"class_list":{"0":"post-113469","1":"post","2":"type-post","3":"status-publish","4":"format-standard","5":"has-post-thumbnail","7":"category-brasil","8":"category-inscricao","9":"category-vestibular"},"_links":{"self":[{"href":"https:\/\/migracao.redenoticia.com.br\/noticia\/wp-json\/wp\/v2\/posts\/113469","targetHints":{"allow":["GET"]}}],"collection":[{"href":"https:\/\/migracao.redenoticia.com.br\/noticia\/wp-json\/wp\/v2\/posts"}],"about":[{"href":"https:\/\/migracao.redenoticia.com.br\/noticia\/wp-json\/wp\/v2\/types\/post"}],"author":[{"embeddable":true,"href":"https:\/\/migracao.redenoticia.com.br\/noticia\/wp-json\/wp\/v2\/users\/2"}],"replies":[{"embeddable":true,"href":"https:\/\/migracao.redenoticia.com.br\/noticia\/wp-json\/wp\/v2\/comments?post=113469"}],"version-history":[{"count":0,"href":"https:\/\/migracao.redenoticia.com.br\/noticia\/wp-json\/wp\/v2\/posts\/113469\/revisions"}],"wp:featuredmedia":[{"embeddable":true,"href":"https:\/\/migracao.redenoticia.com.br\/noticia\/wp-json\/wp\/v2\/media\/36244"}],"wp:attachment":[{"href":"https:\/\/migracao.redenoticia.com.br\/noticia\/wp-json\/wp\/v2\/media?parent=113469"}],"wp:term":[{"taxonomy":"category","embeddable":true,"href":"https:\/\/migracao.redenoticia.com.br\/noticia\/wp-json\/wp\/v2\/categories?post=113469"},{"taxonomy":"post_tag","embeddable":true,"href":"https:\/\/migracao.redenoticia.com.br\/noticia\/wp-json\/wp\/v2\/tags?post=113469"}],"curies":[{"name":"wp","href":"https:\/\/api.w.org\/{rel}","templated":true}]}}