{"id":113490,"date":"2017-05-18T16:36:30","date_gmt":"2017-05-18T19:36:30","guid":{"rendered":"https:\/\/www.redenoticia.com.br\/noticia\/?p=113490"},"modified":"2017-05-18T14:37:58","modified_gmt":"2017-05-18T17:37:58","slug":"resumo-novela-o-que-a-vida-me-roubou-1905-pedro-manda-adolfo-matar-anselmo","status":"publish","type":"post","link":"https:\/\/migracao.redenoticia.com.br\/noticia\/2017\/resumo-novela-o-que-a-vida-me-roubou-1905-pedro-manda-adolfo-matar-anselmo\/113490","title":{"rendered":"Resumo novela \u201cO Que A Vida Me Roubou\u201d 19\/05: Pedro manda Adolfo matar Anselmo"},"content":{"rendered":"<p> <img loading=\"lazy\" decoding=\"async\" src=\"https:\/\/migracao.redenoticia.com.br\/noticia\/imagens\/o-que-a-vida-me-roubou-novela-resumo-sbt-150x112.jpg\" alt=\"\" width=\"150\" height=\"112\" class=\"alignleft size-thumbnail wp-image-105656\" srcset=\"https:\/\/migracao.redenoticia.com.br\/noticia\/imagens\/o-que-a-vida-me-roubou-novela-resumo-sbt-150x112.jpg 150w, https:\/\/migracao.redenoticia.com.br\/noticia\/imagens\/o-que-a-vida-me-roubou-novela-resumo-sbt-265x198.jpg 265w\" sizes=\"auto, (max-width: 150px) 100vw, 150px\" \/><strong><em>Resumo novela \u201cO Que A Vida Me Roubou\u201d 19\/05<\/em><\/strong>: no cap\u00edtulo 080(*) da novela \u201cO Que A Vida Me Roubou\u201d, resumo de sexta-feira, 19 de maio, Jos\u00e9 Luis chega \u00e0 casa de Esmeralda e Renato para desabafar pelo que est\u00e1 passando com Ang\u00e9lica. Ele se sente desolado e muito triste. Ezequiel e Carlota anunciam seu casamento e Montserrat e Alessandro s\u00e3o surpreendidos com a not\u00edcia, mas os parabenizam. Montserrat, com medo, sugere a tia que espere mais um tempo, a fim de que tenha certeza de seus sentimentos. Carlota responde que n\u00e3o tem idade para esperar. Alessandro quer descobrir por que Pedro tem tanto \u00f3dio e lembra um acidente que aconteceu anos atr\u00e1s. Nadia, preocupada com sua situa\u00e7\u00e3o com Pedro, recorda quando ele confessou o motivo que o afasta dela.<\/p>\n<p>Josefina vai a sua casa e Tomas a diz que a aceita desde que lhe devolva o dinheiro que pegou das suas aplica\u00e7\u00f5es familiares e partam de \u00c1gua Azul o quanto antes. Josefina concorda, pois diz se sentir feia, enganada e sozinha. Nadia diz a Montserrat que n\u00e3o deseja ter o bebe que est\u00e1 a caminho, assim, decidiu abortar. Para isso, ir\u00e1 para a capital. Victor est\u00e1 desesperado para ter uma vida tranquila e apreciar o amor que ele tem por Nadia, ent\u00e3o fala para Alessandro que planeja ir para longe de \u00c1gua Azul com ela. Montserrat faz o poss\u00edvel para que Nadia tenha seu beb\u00ea e entusiasticamente a ajuda a escolher o nome perfeito para o filho. Adolfo continua a receber instru\u00e7\u00f5es para desaparecer com todos que sabem que Alessandro \u00e9 inocente, e \u00e9 o Padre Anselmo que agora pode perder a vida. <\/p>\n<p>Pedro insiste e pede uma prova de que Adolfo o fez. Demetrio chega para buscar Josefina em sua casa e ela pede a Tom\u00e1s que mande-o embora. Tom\u00e1s responde que, para seu pr\u00f3prio bem, ela mesmo \u00e9 quem deve fazer isso. Ela diz que se atender Demetrio acabar\u00e1 convencida por ele, e n\u00e3o deseja isso. Tom\u00e1s, ent\u00e3o, sai e diz a Demetrio que Josefina n\u00e3o deseja falar com ele e ir\u00e1 partir de \u00c1gua Azul de uma vez por todas. Depois de tanto tempo, Nadia finalmente decide falar com Victor para confessar que est\u00e1 gr\u00e1vida e que ele \u00e9 o pai. Alessandro e Montserrat est\u00e3o preocupados com a crian\u00e7a de Nadia, e Pedro est\u00e1 disposto a incentivar N\u00e1dia a um aborto, para prosseguir com a apar\u00eancia de ter uma fam\u00edlia feliz. Durante o caf\u00e9 da manh\u00e3, Fabiola diz que est\u00e1 preocupada com Angelica, porque a \u00faltima vez que falou com ela foi muito ap\u00e1tica.<\/p>\n<p>(*) edi\u00e7\u00e3o do SBT, Novela \u201cO Que A Vida Me Roubou\u201d, sujeito a altera\u00e7\u00e3o de data e conte\u00fado.<\/p>\n<p>Lo que la vida me rob\u00f3 (no Brasil, O Que a Vida Me Roubou) \u00e9 uma telenovela mexicana produzida por Angelli Nesma Medina para Televisa e exibida pelo Canal de las Estrellas entre 28 de outubro de 2013 e 27 de julho de 2014 em 196 cap\u00edtulos, substituindo La tempestad e sendo substitu\u00edda por Hasta el fin del mundo. A original \u00e9 de Caridad Bravo Adams, sendo esta um remake modernizado das novelas Bodas de odio e Amor real, produzidas em 1983 e 2003, respectivamente. Tem Angelique Boyer, Sebasti\u00e1n Rulli, Luis Roberto Guzm\u00e1n, Daniela Castro, Grettell Vald\u00e9z, Sergio Sendel e Lisset nos papeis principais.<\/p>\n","protected":false},"excerpt":{"rendered":"<p>Resumo novela \u201cO Que A Vida Me Roubou\u201d 19\/05: no cap\u00edtulo 080(*) da novela \u201cO Que A Vida Me Roubou\u201d, resumo de sexta-feira, 19 de maio, Jos\u00e9 Luis chega \u00e0 casa de Esmeralda e Renato para desabafar pelo que est\u00e1 passando com Ang\u00e9lica. Ele se sente desolado e muito triste. Ezequiel e Carlota anunciam seu [&hellip;]<\/p>\n","protected":false},"author":2,"featured_media":105656,"comment_status":"open","ping_status":"closed","sticky":false,"template":"","format":"standard","meta":{"tdm_status":"","tdm_grid_status":"","footnotes":""},"categories":[379,372,343],"tags":[441],"class_list":{"0":"post-113490","1":"post","2":"type-post","3":"status-publish","4":"format-standard","5":"has-post-thumbnail","7":"category-novelas","8":"category-sbt","9":"category-televisao","10":"tag-resumo-do-dia"},"_links":{"self":[{"href":"https:\/\/migracao.redenoticia.com.br\/noticia\/wp-json\/wp\/v2\/posts\/113490","targetHints":{"allow":["GET"]}}],"collection":[{"href":"https:\/\/migracao.redenoticia.com.br\/noticia\/wp-json\/wp\/v2\/posts"}],"about":[{"href":"https:\/\/migracao.redenoticia.com.br\/noticia\/wp-json\/wp\/v2\/types\/post"}],"author":[{"embeddable":true,"href":"https:\/\/migracao.redenoticia.com.br\/noticia\/wp-json\/wp\/v2\/users\/2"}],"replies":[{"embeddable":true,"href":"https:\/\/migracao.redenoticia.com.br\/noticia\/wp-json\/wp\/v2\/comments?post=113490"}],"version-history":[{"count":0,"href":"https:\/\/migracao.redenoticia.com.br\/noticia\/wp-json\/wp\/v2\/posts\/113490\/revisions"}],"wp:featuredmedia":[{"embeddable":true,"href":"https:\/\/migracao.redenoticia.com.br\/noticia\/wp-json\/wp\/v2\/media\/105656"}],"wp:attachment":[{"href":"https:\/\/migracao.redenoticia.com.br\/noticia\/wp-json\/wp\/v2\/media?parent=113490"}],"wp:term":[{"taxonomy":"category","embeddable":true,"href":"https:\/\/migracao.redenoticia.com.br\/noticia\/wp-json\/wp\/v2\/categories?post=113490"},{"taxonomy":"post_tag","embeddable":true,"href":"https:\/\/migracao.redenoticia.com.br\/noticia\/wp-json\/wp\/v2\/tags?post=113490"}],"curies":[{"name":"wp","href":"https:\/\/api.w.org\/{rel}","templated":true}]}}