{"id":113494,"date":"2017-05-18T16:39:40","date_gmt":"2017-05-18T19:39:40","guid":{"rendered":"https:\/\/www.redenoticia.com.br\/noticia\/?p=113494"},"modified":"2017-05-18T14:41:34","modified_gmt":"2017-05-18T17:41:34","slug":"resumo-novela-chiquititas-1905-carol-elogia-fernando","status":"publish","type":"post","link":"https:\/\/migracao.redenoticia.com.br\/noticia\/2017\/resumo-novela-chiquititas-1905-carol-elogia-fernando\/113494","title":{"rendered":"Resumo novela \u201cChiquititas\u201d 19\/05: Carol elogia Fernando"},"content":{"rendered":"<p> <img loading=\"lazy\" decoding=\"async\" class=\"alignleft size-thumbnail wp-image-49690\" src=\"https:\/\/migracao.redenoticia.com.br\/noticia\/imagens\/chiquititas1-150x112.jpg\" alt=\"chiquititas\" width=\"150\" height=\"112\" \/><strong><em>Resumo novela \u201cChiquititas\u201d 19\/05<\/em><\/strong>: no cap\u00edtulo 179(*) da novela \u201cChiquititas\u201d, resumo de sexta-feira, 19 de maio, todas as crian\u00e7as jogam na fogueira os pap\u00e9is com os medos. Antes de dormir, os meninos decidem sair da barraca pra assustar as meninas que est\u00e3o dentro da barraca delas. Mili e Pata flagram os meninos e acalmam as meninas. Para darem o troco, as meninas desmontam a barraca dos meninos com eles dentro. Carol e Fernando jantam e conversam. <\/p>\n<p>Carol elogia a comida feita por Fernando. Ele tenta beijar ela antes de ir embora, mas sem sucesso. No dia seguinte, Beto diz para Carol que ela est\u00e1 nitidamente apaixonada por Fernando. Na TV, \u00e9 exibida as imagens do surto de Tom\u00e1s Ferraz em um programa de celebridades (De Olho na Fama). <\/p>\n<p>\u00c9 revelado para todos que o namoro de Tom\u00e1s Ferraz com \u00c9rica era uma fraude. No acampamento, as crian\u00e7as se divertem antes de sair para uma grande atividade na mata. Atrav\u00e9s dos desenhos de Gabriela, Junior chega a conclus\u00e3o que foi Jos\u00e9 Ricardo, seu pai, que est\u00e1 por tr\u00e1s do acidente de helic\u00f3ptero de Miguel. As Chiquititas v\u00e3o para a mata divididos em grupos.<\/p>\n<p>(*) edi\u00e7\u00e3o do SBT, Novela \u201cChiquititas\u201d, sujeito a altera\u00e7\u00e3o de data e conte\u00fado.<\/p>\n<p>Chiquititas gira em torno do orfanato Raio de Luz, que carrega em sua hist\u00f3ria um grande segredo envolvendo a fam\u00edlia e o dono do orfanato, Dr. Jos\u00e9 Ricardo Almeida Campos. Em um per\u00edodo anterior \u00e0 novela, exatos treze anos, sua filha Gabriela se apaixonou e ficou gr\u00e1vida de Miguel, filho de Valentina, empregada da casa dos Almeida Campos. Pouco depois, Jos\u00e9 Ricardo sequestrou sua neta, pois, como um homem conservador, ele n\u00e3o aceitava a ideia de que sua filha se envolvesse com um empregado. Como sua neta, Milena, apelidada como Mili, precisava de um lugar para morar, ele comprou um casar\u00e3o e fundou um orfanato, o Raio de Luz. Mili cresceu l\u00e1 com outras garotas que chegaram posteriormente: Bia, Ana, as irm\u00e3s Tati e Vivi, e Cris. Ao decorrer dos anos, elas se tornam uma fam\u00edlia. Elas s\u00e3o supervisionadas por Ernestina, zeladora do orfanato, e Chico, o cozinheiro amado pelas internas. Sofia, ex-governanta da fam\u00edlia Almeida Campos, \u00e9 a diretora do lugar, at\u00e9 que Carmem, irm\u00e3 de Jos\u00e9 Ricardo, entre em seu lugar. Chegam ainda mais \u00f3rf\u00e3os: Pata, Mosca, Binho e Rafa, que viviam nas ruas antes de entrarem na institui\u00e7\u00e3o. Pata e Mili tornam-se amigas rapidamente, enquanto Mosca, Binho e Rafa s\u00e3o os primeiros garotos a entrar no abrigo. As crian\u00e7as sem-teto foram ajudadas por uma doce e bela garota que tocam e mudam a vida delas, assim como as das garotas \u00f3rf\u00e3s.<\/p>\n","protected":false},"excerpt":{"rendered":"<p>Resumo novela \u201cChiquititas\u201d 19\/05: no cap\u00edtulo 179(*) da novela \u201cChiquititas\u201d, resumo de sexta-feira, 19 de maio, todas as crian\u00e7as jogam na fogueira os pap\u00e9is com os medos. Antes de dormir, os meninos decidem sair da barraca pra assustar as meninas que est\u00e3o dentro da barraca delas. Mili e Pata flagram os meninos e acalmam as [&hellip;]<\/p>\n","protected":false},"author":2,"featured_media":49690,"comment_status":"open","ping_status":"closed","sticky":false,"template":"","format":"standard","meta":{"tdm_status":"","tdm_grid_status":"","footnotes":""},"categories":[409,379,372,343],"tags":[441],"class_list":{"0":"post-113494","1":"post","2":"type-post","3":"status-publish","4":"format-standard","5":"has-post-thumbnail","7":"category-chiquititas","8":"category-novelas","9":"category-sbt","10":"category-televisao","11":"tag-resumo-do-dia"},"_links":{"self":[{"href":"https:\/\/migracao.redenoticia.com.br\/noticia\/wp-json\/wp\/v2\/posts\/113494","targetHints":{"allow":["GET"]}}],"collection":[{"href":"https:\/\/migracao.redenoticia.com.br\/noticia\/wp-json\/wp\/v2\/posts"}],"about":[{"href":"https:\/\/migracao.redenoticia.com.br\/noticia\/wp-json\/wp\/v2\/types\/post"}],"author":[{"embeddable":true,"href":"https:\/\/migracao.redenoticia.com.br\/noticia\/wp-json\/wp\/v2\/users\/2"}],"replies":[{"embeddable":true,"href":"https:\/\/migracao.redenoticia.com.br\/noticia\/wp-json\/wp\/v2\/comments?post=113494"}],"version-history":[{"count":0,"href":"https:\/\/migracao.redenoticia.com.br\/noticia\/wp-json\/wp\/v2\/posts\/113494\/revisions"}],"wp:featuredmedia":[{"embeddable":true,"href":"https:\/\/migracao.redenoticia.com.br\/noticia\/wp-json\/wp\/v2\/media\/49690"}],"wp:attachment":[{"href":"https:\/\/migracao.redenoticia.com.br\/noticia\/wp-json\/wp\/v2\/media?parent=113494"}],"wp:term":[{"taxonomy":"category","embeddable":true,"href":"https:\/\/migracao.redenoticia.com.br\/noticia\/wp-json\/wp\/v2\/categories?post=113494"},{"taxonomy":"post_tag","embeddable":true,"href":"https:\/\/migracao.redenoticia.com.br\/noticia\/wp-json\/wp\/v2\/tags?post=113494"}],"curies":[{"name":"wp","href":"https:\/\/api.w.org\/{rel}","templated":true}]}}