{"id":11360,"date":"2009-09-11T16:08:18","date_gmt":"2009-09-11T20:08:18","guid":{"rendered":"http:\/\/www.redenoticia.com.br\/noticia\/?p=11360"},"modified":"2009-09-14T11:20:17","modified_gmt":"2009-09-14T15:20:17","slug":"bbb-10-selecionou-os-primeiros-da-cadeira-eletrica-entre-220-mil-inscricoes","status":"publish","type":"post","link":"https:\/\/migracao.redenoticia.com.br\/noticia\/2009\/bbb-10-selecionou-os-primeiros-da-cadeira-eletrica-entre-220-mil-inscricoes\/11360","title":{"rendered":"BBB 10 selecionou os primeiros da Cadeira El\u00e9trica entre 220 mil inscri\u00e7\u00f5es"},"content":{"rendered":"<p><strong><a href=\"https:\/\/migracao.redenoticia.com.br\/noticia\/imagens\/\/bbb1.jpg\"><img loading=\"lazy\" decoding=\"async\" class=\"alignleft size-medium wp-image-11563\" title=\"bbb\" src=\"https:\/\/migracao.redenoticia.com.br\/noticia\/imagens\/\/bbb1-249x187.jpg\" alt=\"bbb\" width=\"249\" height=\"187\" srcset=\"https:\/\/migracao.redenoticia.com.br\/noticia\/imagens\/bbb1-249x187.jpg 249w, https:\/\/migracao.redenoticia.com.br\/noticia\/imagens\/bbb1-250x187.jpg 250w, https:\/\/migracao.redenoticia.com.br\/noticia\/imagens\/bbb1.jpg 400w, https:\/\/migracao.redenoticia.com.br\/noticia\/imagens\/bbb1-150x113.jpg 150w, https:\/\/migracao.redenoticia.com.br\/noticia\/imagens\/bbb1-265x198.jpg 265w, https:\/\/migracao.redenoticia.com.br\/noticia\/imagens\/bbb1-149x112.jpg 149w\" sizes=\"auto, (max-width: 249px) 100vw, 249px\" \/><\/a>BBB 10<\/strong> &#8211; At\u00e9 dia 4 de setembro, a d\u00e9cima edi\u00e7\u00e3o do <strong>BBB<\/strong> da <strong>Rede Globo<\/strong> j\u00e1 tinha recebido 220 mil inscri\u00e7\u00f5es pelo site e pelo correio. Muitas inscri\u00e7\u00f5es ainda est\u00e3o aguardando o v\u00eddeo, mas grande parte estar\u00e1 participando da sele\u00e7\u00e3o da primeira bateria da Cadeira El\u00e9trica, que acontecer\u00e1 em S\u00e3o Paulo nos dias 24 e 28 de outubro. Nesta edi\u00e7\u00e3o as entrevistas come\u00e7ar\u00e3o antes do prazo final de inscri\u00e7\u00e3o. Ser\u00e3o selecionados candidatos de todo o Brasil e as despesas ser\u00e3o pagas pela Rede Globo.<\/p>\n<p>A produ\u00e7\u00e3o do BBB 10 informou que ser\u00e1 feito contato individual, e os nomes ser\u00e3o mantidos em sigilo absoluto. Os dois primeiros selecionados foram escolhidos pela produ\u00e7\u00e3o e j\u00e1 est\u00e3o sendo contatados: Mulher: J., 25 anos, Paran\u00e1; Homem: B., 30 anos, Bahia. O prazo para inscri\u00e7\u00e3o termina no final de outubro e n\u00e3o ser\u00e1 prorrogado.<\/p>\n<p>Leia as dicas do Blog da Produ\u00e7\u00e3o do BBB 10 da Rede Globo:<\/p>\n<p>1) V\u00e1rias dicas j\u00e1 foram dadas pelo Boninho, pela produ\u00e7\u00e3o, por ex-BBBs.N\u00e3o adianta querer tirar coelho da cartola! Seja o mais natural poss\u00edvel, fa\u00e7a um v\u00eddeo simples e lance a sua sorte!<br \/>\n\u00a0<br \/>\n2) Com tempo, muita coisa pode ser resolvida por voc\u00ea mesmo, por amigos ou com a ajuda do pessoal do ADM.BLOG.Imprevistos acontecem quando menos se espera.N\u00e3o deixe para resolver tudo em cima da hora.<br \/>\n\u00a0<br \/>\n3) Todas as d\u00favidas t\u00eam sido respondidas r\u00e1pida e pacientemente pela equipe do Blog.Aproveite para resolver suas quest\u00f5es enquanto n\u00e3o h\u00e1 um \u2018engarrafamento de perguntas\u2019.<br \/>\n\u00a0<br \/>\n4) V\u00e1rias quest\u00f5es t\u00e9cnicas concorrem para o sucesso no envio do question\u00e1rio\u00a0 e do v\u00eddeo, desde a sua conex\u00e3o \u00e0 Internet at\u00e9 o volume de acesso\/envio simult\u00e2neo de v\u00eddeos para o site.Deixando para a \u00faltima hora voc\u00ea poder\u00e1 enfrentar alguma dificuldade t\u00e9cnica ou\u00a0 at\u00e9 mesmo um congestionamento.<br \/>\n\u00a0<br \/>\n5) A data final para conclus\u00e3o do cadastro e envio do v\u00eddeo \u00e9 31 de outubro de 2009 e esta data N\u00c3O SER\u00c1 PRORROGADA!!<br \/>\n\u00a0<br \/>\n6) A sele\u00e7\u00e3o j\u00e1 come\u00e7ou desde o dia 01 de agosto e est\u00e1 em pleno vapor.N\u00e3o vamos esperar o final das inscri\u00e7\u00f5es para botar a m\u00e3o na massa.E j\u00e1 tem pr\u00e9-selecionados nas m\u00e3os da dire\u00e7\u00e3o\u2026<br \/>\n\u00a0<br \/>\n7) O cumprimento do processo completo de inscri\u00e7\u00e3o, com todas as respostas ao question\u00e1rio e o envio de v\u00eddeo, faz parte da sele\u00e7\u00e3o.Sem o cumprimento correto e completo desta etapa, n\u00e3o h\u00e1 a menor possibilidade de voc\u00ea ser selecionado.<br \/>\n\u00a0<br \/>\n8 ) N\u00e3o haver\u00e1 exce\u00e7\u00f5es.Desculpas n\u00e3o ser\u00e3o aceitas.Se voc\u00ea n\u00e3o conseguir enviar o seu question\u00e1rio e v\u00eddeo a tempo, n\u00e3o adianta culpar o site, o Adm.Blog,a produ\u00e7\u00e3o, o fuso-hor\u00e1rio, o seu provedor de Internet\u2026Bobeou, dan\u00e7ou.<br \/>\n\u00a0<br \/>\n9) A produ\u00e7\u00e3o vai come\u00e7ar a deixar \u2018recadinhos individuais\u2019 para aqueles que j\u00e1 tiverem enviado question\u00e1rio completo e v\u00eddeo.Se passarmos pela inscri\u00e7\u00e3o e ela estiver incompleta ( sem v\u00eddeo ), adeus recadinho\u2026<\/p>\n<p>Fonte Blog BBB 10 &#8211; Rede Globo<\/p>\n","protected":false},"excerpt":{"rendered":"<p>BBB 10 &#8211; At\u00e9 dia 4 de setembro, a d\u00e9cima edi\u00e7\u00e3o do BBB da Rede Globo j\u00e1 tinha recebido 220 mil inscri\u00e7\u00f5es pelo site e pelo correio. Muitas inscri\u00e7\u00f5es ainda est\u00e3o aguardando o v\u00eddeo, mas grande parte estar\u00e1 participando da sele\u00e7\u00e3o da primeira bateria da Cadeira El\u00e9trica, que acontecer\u00e1 em S\u00e3o Paulo nos dias 24 [&hellip;]<\/p>\n","protected":false},"author":3,"featured_media":0,"comment_status":"open","ping_status":"open","sticky":false,"template":"","format":"standard","meta":{"tdm_status":"","tdm_grid_status":"","footnotes":""},"categories":[22,343],"tags":[],"class_list":{"0":"post-11360","1":"post","2":"type-post","3":"status-publish","4":"format-standard","6":"category-brasil","7":"category-televisao"},"_links":{"self":[{"href":"https:\/\/migracao.redenoticia.com.br\/noticia\/wp-json\/wp\/v2\/posts\/11360","targetHints":{"allow":["GET"]}}],"collection":[{"href":"https:\/\/migracao.redenoticia.com.br\/noticia\/wp-json\/wp\/v2\/posts"}],"about":[{"href":"https:\/\/migracao.redenoticia.com.br\/noticia\/wp-json\/wp\/v2\/types\/post"}],"author":[{"embeddable":true,"href":"https:\/\/migracao.redenoticia.com.br\/noticia\/wp-json\/wp\/v2\/users\/3"}],"replies":[{"embeddable":true,"href":"https:\/\/migracao.redenoticia.com.br\/noticia\/wp-json\/wp\/v2\/comments?post=11360"}],"version-history":[{"count":0,"href":"https:\/\/migracao.redenoticia.com.br\/noticia\/wp-json\/wp\/v2\/posts\/11360\/revisions"}],"wp:attachment":[{"href":"https:\/\/migracao.redenoticia.com.br\/noticia\/wp-json\/wp\/v2\/media?parent=11360"}],"wp:term":[{"taxonomy":"category","embeddable":true,"href":"https:\/\/migracao.redenoticia.com.br\/noticia\/wp-json\/wp\/v2\/categories?post=11360"},{"taxonomy":"post_tag","embeddable":true,"href":"https:\/\/migracao.redenoticia.com.br\/noticia\/wp-json\/wp\/v2\/tags?post=11360"}],"curies":[{"name":"wp","href":"https:\/\/api.w.org\/{rel}","templated":true}]}}