{"id":113603,"date":"2017-05-20T16:32:44","date_gmt":"2017-05-20T19:32:44","guid":{"rendered":"https:\/\/www.redenoticia.com.br\/noticia\/?p=113603"},"modified":"2017-05-20T15:44:47","modified_gmt":"2017-05-20T18:44:47","slug":"resumo-novela-no-limite-da-paixao-2205-otavio-e-ana-cristina-encontram-se","status":"publish","type":"post","link":"https:\/\/migracao.redenoticia.com.br\/noticia\/2017\/resumo-novela-no-limite-da-paixao-2205-otavio-e-ana-cristina-encontram-se\/113603","title":{"rendered":"Resumo novela \u201cNo Limite da Paix\u00e3o\u201d 22\/05: Ot\u00e1vio se encontra com Ana Cristina"},"content":{"rendered":"<p><img class=\"alignleft size-thumbnail wp-image-113483\" https:\/\/migracao.redenoticia.com.br\/noticia\/imagens\/no-limite-da-paixao-novela-sbt-resumo-150x112.jpg\" alt=\"\" width=\"150\" height=\"112\" \/><strong><em>Resumo novela \u201cNo Limite da Paix\u00e3o\u201d 22\/05<\/em><\/strong>: no cap\u00edtulo 001(*) da novela \u201cNo Limite da Paix\u00e3o\u201d, resumo de segunda-feira, 22 de maio, a hist\u00f3ria acontece na mans\u00e3o Vila Real, de propriedade do Sr. Fernando, tio de Ot\u00e1vio Vila Real. Depois de viver muitos anos longe da fam\u00edlia, Ot\u00e1vio volta ao povoado para acompanhar o funeral de seu tio Fernando. Ot\u00e1vio, embora relute em perdoar seu tio por culp\u00e1-lo pela ru\u00edna e morte de seu pai e pelo fim de seu noivado com Frida, a s\u00f3s ele chora a morte daquele que durante muitos anos foi como um pai para ele. Fernando Vila Real, em seus \u00faltimos momentos de vida pede a Ana Cristina que diga a Ot\u00e1vio que sempre pensou muito nele e que tudo que fez sempre foi pensando no seu bem. Fernando falece logo depois de confessar a Ana Cristina que Leonela foi o grande amor de sua vida. Maciel, o ambicioso administrador da f\u00e1brica de cal\u00e7ados, come\u00e7a a por em pr\u00e1tica seu plano para se apoderar da heran\u00e7a do patr\u00e3o. Ele envenena Ot\u00e1vio contra Ana Cristina dizendo que a garota foi amante de seu tio e que n\u00e3o deve, em nenhuma hip\u00f3tese confiar nela pois est\u00e1 interessada apenas na fortuna do Sr. Fernando.Dona Josefa, irm\u00e3 do Sr. Fernando relembra o dia que seu outro irm\u00e3o, Nicolas, pai de Ot\u00e1vio entregou o filho a eles para que o criassem. Ot\u00e1vio nunca soube que foi rejeitado pelo pai. Maciel diz a Tobias que fez muito bem em roubar a carta onde Nicolas, por vingan\u00e7a, culpa o irm\u00e3o, Fernando, por sua morte e, o parabeniza tamb\u00e9m por ter feito a carta chegar \u00e0s m\u00e3os de Ot\u00e1vio. Rodolfo sugere a Madalena que contem a um de seus filhos que \u00e9 adotado, mas ela diz que nunca revelar\u00e1 esse segredo. Ot\u00e1vio e Ana Cristina se encontram e ela aproveita para passar a ele o recado deixado por seu tio. Ot\u00e1vio reage com agressividade, acusa Ana Cristina de ser uma mulher sem princ\u00edpios e depois a beija \u00e0 for\u00e7a.<\/p>\n<p>(*) edi\u00e7\u00e3o do SBT, Novela \u201cNo Limite da Paix\u00e3o\u201d, sujeito a altera\u00e7\u00e3o de data e conte\u00fado.<\/p>\n<p>\u201cNo Limite da Paix\u00e3o\u201d \u00e9 uma telenovela mexicana produzida por Salvador Mej\u00eda Alejandre para a Televisa e exibida pelo Canal de las Estrellas entre 11 de fevereiro e 2 de agosto de 2002. A trama \u00e9 baseada em Cadena de odio, uma radionovela de Hilda Morales Allois. Foi adaptada livremente por Liliana Abud, dire\u00e7\u00e3o de Miguel C\u00f3rcega e produ\u00e7\u00e3o executiva de Nathalie Lartilleux. A trama \u00e9 protagonizada por Susana Gonz\u00e1lez e C\u00e9sar \u00c9vora e antagonizada por Sabine Moussier e Alberto Estrella.<\/p>\n<p>Sinopse: Ana Cristina e Ot\u00e1vio ter\u00e3o que ultrapassar as barreiras das mentiras e enfrentar o sentimento que os condena. Rodeados das m\u00e1s inten\u00e7\u00f5es de seus inimigos, e os problemas que ter\u00e3o um a um at\u00e9 chegar a sua meta: estar juntos sem importar o passado. Ana Cristina \u00e9 uma jovem charmosa e de car\u00e1ter forte, \u00e9 a protegida de seu av\u00f4, Fernando Villareal. Quando Fernando fica doente, seu sobrinho Ot\u00e1vio Villareal, um homem cheio de rancor porque seu tio impediu seu casamento com sua amada Frida, viaja para v\u00ea-lo. Fernando morre, deixando em seu testamento a f\u00e1brica de sapatos para Ot\u00e1vio e Ana Cristina: eles s\u00e3o sua \u00fanica fam\u00edlia, mas como condi\u00e7\u00e3o devem se casar e viver juntos um ano antes de decidir o que fazer com a empresa. Maciel, o capataz das terras Villareal, come\u00e7a a caluniar a inofensiva Ana Cristina e convence Ot\u00e1vio para que busque Frida. Sem imaginar, com a conviv\u00eancia cresce um amor profundo entre os dois: ambos s\u00e3o v\u00edtimas de um grande \u00f3dio por parte de Maciel e Frida, ex-prometida de Ot\u00e1vio, que fazem at\u00e9 o imposs\u00edvel para separar os dois. Ot\u00e1vio dever\u00e1 decidir entre o filho que espera agora sua amada esposa Ana Cristina, e o filho de sua amante Frida que, na verdade, n\u00e3o \u00e9 seu. Mas a chegada de Martha, uma mulher misteriosa e obscura vai mudar completamente e vida de Ana Cristina e Ot\u00e1vio. Ela far\u00e1 de tudo para defender Ana Cristina nem que para isso precise revelar um grande segredo que guarda.<\/p>\n","protected":false},"excerpt":{"rendered":"","protected":false},"author":4,"featured_media":113483,"comment_status":"closed","ping_status":"closed","sticky":false,"template":"","format":"standard","meta":{"tdm_status":"","tdm_grid_status":"","footnotes":""},"categories":[379,372,343],"tags":[441],"class_list":{"0":"post-113603","1":"post","2":"type-post","3":"status-publish","4":"format-standard","5":"has-post-thumbnail","7":"category-novelas","8":"category-sbt","9":"category-televisao","10":"tag-resumo-do-dia"},"_links":{"self":[{"href":"https:\/\/migracao.redenoticia.com.br\/noticia\/wp-json\/wp\/v2\/posts\/113603","targetHints":{"allow":["GET"]}}],"collection":[{"href":"https:\/\/migracao.redenoticia.com.br\/noticia\/wp-json\/wp\/v2\/posts"}],"about":[{"href":"https:\/\/migracao.redenoticia.com.br\/noticia\/wp-json\/wp\/v2\/types\/post"}],"author":[{"embeddable":true,"href":"https:\/\/migracao.redenoticia.com.br\/noticia\/wp-json\/wp\/v2\/users\/4"}],"replies":[{"embeddable":true,"href":"https:\/\/migracao.redenoticia.com.br\/noticia\/wp-json\/wp\/v2\/comments?post=113603"}],"version-history":[{"count":0,"href":"https:\/\/migracao.redenoticia.com.br\/noticia\/wp-json\/wp\/v2\/posts\/113603\/revisions"}],"wp:featuredmedia":[{"embeddable":true,"href":"https:\/\/migracao.redenoticia.com.br\/noticia\/wp-json\/wp\/v2\/media\/113483"}],"wp:attachment":[{"href":"https:\/\/migracao.redenoticia.com.br\/noticia\/wp-json\/wp\/v2\/media?parent=113603"}],"wp:term":[{"taxonomy":"category","embeddable":true,"href":"https:\/\/migracao.redenoticia.com.br\/noticia\/wp-json\/wp\/v2\/categories?post=113603"},{"taxonomy":"post_tag","embeddable":true,"href":"https:\/\/migracao.redenoticia.com.br\/noticia\/wp-json\/wp\/v2\/tags?post=113603"}],"curies":[{"name":"wp","href":"https:\/\/api.w.org\/{rel}","templated":true}]}}