{"id":113606,"date":"2017-05-20T16:33:45","date_gmt":"2017-05-20T19:33:45","guid":{"rendered":"https:\/\/www.redenoticia.com.br\/noticia\/?p=113606"},"modified":"2017-05-20T10:34:33","modified_gmt":"2017-05-20T13:34:33","slug":"resumo-novela-o-que-a-vida-me-roubou-2205-angelica-morre","status":"publish","type":"post","link":"https:\/\/migracao.redenoticia.com.br\/noticia\/2017\/resumo-novela-o-que-a-vida-me-roubou-2205-angelica-morre\/113606","title":{"rendered":"Resumo novela \u201cO Que A Vida Me Roubou\u201d 22\/05: Ang\u00e9lica morre"},"content":{"rendered":"<p><img loading=\"lazy\" decoding=\"async\" src=\"https:\/\/migracao.redenoticia.com.br\/noticia\/imagens\/o-que-a-vida-me-roubou-novela-resumo-sbt-150x112.jpg\" alt=\"\" width=\"150\" height=\"112\" class=\"alignleft size-thumbnail wp-image-105656\" srcset=\"https:\/\/migracao.redenoticia.com.br\/noticia\/imagens\/o-que-a-vida-me-roubou-novela-resumo-sbt-150x112.jpg 150w, https:\/\/migracao.redenoticia.com.br\/noticia\/imagens\/o-que-a-vida-me-roubou-novela-resumo-sbt-265x198.jpg 265w\" sizes=\"auto, (max-width: 150px) 100vw, 150px\" \/><strong><em>Resumo novela \u201cO Que A Vida Me Roubou\u201d 22\/05<\/em><\/strong>: no cap\u00edtulo 081(*) da novela \u201cO Que A Vida Me Roubou\u201d, resumo de segunda-feira, 22 de maio, Alessandro se sente em d\u00e9bito com Jos\u00e9 Lu\u00eds, j\u00e1 que ele o fez recuperar sua liberdade e voltar para sua fam\u00edlia. Jos\u00e9 Lu\u00eds est\u00e1 disposto, em algum momento, a cobrar esse favor. Apesar de ter o amor de Demetrio, Josefina diz ao irm\u00e3o que quer sair de \u00c1gua Azul e que tem de aprender a gostar de si pr\u00f3pria. Montserrat e Alessandro visitam Ang\u00e9lica e esta pede-lhes que esclare\u00e7am as coisas com Jos\u00e9 Lu\u00eds. Victor diz a Macario que N\u00e1dia est\u00e1 gr\u00e1vida e que planejam fugir de \u00c1gua Azul, mas Pedro nunca poder\u00e1 saber de nada. Alessandro e Montserrat chegam a casa e descobrem que Ros\u00e1rio foi levada por uns homens para o tribunal. Alessandro vai procurar a m\u00e3e, mas o juiz n\u00e3o o deixa entrar. Ang\u00e9lica est\u00e1 deitada ao lado de Jos\u00e9 Lu\u00eds e diz-lhe que o ama, antes de morrer. Jos\u00e9 Lu\u00eds chora no adeus e lembra-se de todos os momentos que viveu a seu lado. Fabiola entra no quarto de Ang\u00e9lica e diz-lhe para ir descansada, que vai fazer de tudo para afastar Jos\u00e9 Lu\u00eds de Montserrat. O juiz Gonzalo e Pedro Medina interrogam Ros\u00e1rio sobre a sua situa\u00e7\u00e3o e querem saber a verdade sobre Alejandro e Benjamim Almonte. Adolfo diz a Ezequiel que Pedro quer ver Alejandro perder tudo o que tem, com a ajuda de Sandro e Fabiola. Alessandro, chateado com Pedro por tudo o que ele tem feito, pede-lhe para confessar o motivo do \u00f3dio que ele tem contra ele e sua fam\u00edlia. Tom\u00e1s procura Graciela para lhe deixar um cheque por ter conseguido separar Demetrio e Josefina, mas Demetrio assiste a esta situa\u00e7\u00e3o e acaba por agredir Tom\u00e1s. Pedro agride Victor e pro\u00edbe N\u00e1dia de o voltar a ver. Fabiola consola Jos\u00e9 Lu\u00eds no funeral de Ang\u00e9lica. Graciela procura Jos\u00e9 Lu\u00eds e pergunta-lhe se est\u00e1 disposto a investir no seu futuro ao lado de Montserrat, mas o vi\u00favo pede respeito num momento como este. Graciela diz que vai dar-lhe tempo para pensar na proposta. Jos\u00e9 Lu\u00eds atira as cinzas de Ang\u00e9lica ao mar e recorda os momentos que viveu a seu lado. O capit\u00e3o Robledo e dois soldados aguardam-no para o levarem para a cadeia.<\/p>\n<p>(*) edi\u00e7\u00e3o do SBT, Novela \u201cO Que A Vida Me Roubou\u201d, sujeito a altera\u00e7\u00e3o de data e conte\u00fado.<\/p>\n<p>Lo que la vida me rob\u00f3 (no Brasil, O Que a Vida Me Roubou) \u00e9 uma telenovela mexicana produzida por Angelli Nesma Medina para Televisa e exibida pelo Canal de las Estrellas entre 28 de outubro de 2013 e 27 de julho de 2014 em 196 cap\u00edtulos, substituindo La tempestad e sendo substitu\u00edda por Hasta el fin del mundo. A original \u00e9 de Caridad Bravo Adams, sendo esta um remake modernizado das novelas Bodas de odio e Amor real, produzidas em 1983 e 2003, respectivamente. Tem Angelique Boyer, Sebasti\u00e1n Rulli, Luis Roberto Guzm\u00e1n, Daniela Castro, Grettell Vald\u00e9z, Sergio Sendel e Lisset nos papeis principais.<\/p>\n","protected":false},"excerpt":{"rendered":"<p>Resumo novela \u201cO Que A Vida Me Roubou\u201d 22\/05: no cap\u00edtulo 081(*) da novela \u201cO Que A Vida Me Roubou\u201d, resumo de segunda-feira, 22 de maio, Alessandro se sente em d\u00e9bito com Jos\u00e9 Lu\u00eds, j\u00e1 que ele o fez recuperar sua liberdade e voltar para sua fam\u00edlia. Jos\u00e9 Lu\u00eds est\u00e1 disposto, em algum momento, a [&hellip;]<\/p>\n","protected":false},"author":4,"featured_media":105656,"comment_status":"closed","ping_status":"closed","sticky":false,"template":"","format":"standard","meta":{"tdm_status":"","tdm_grid_status":"","footnotes":""},"categories":[379,372,343],"tags":[441],"class_list":{"0":"post-113606","1":"post","2":"type-post","3":"status-publish","4":"format-standard","5":"has-post-thumbnail","7":"category-novelas","8":"category-sbt","9":"category-televisao","10":"tag-resumo-do-dia"},"_links":{"self":[{"href":"https:\/\/migracao.redenoticia.com.br\/noticia\/wp-json\/wp\/v2\/posts\/113606","targetHints":{"allow":["GET"]}}],"collection":[{"href":"https:\/\/migracao.redenoticia.com.br\/noticia\/wp-json\/wp\/v2\/posts"}],"about":[{"href":"https:\/\/migracao.redenoticia.com.br\/noticia\/wp-json\/wp\/v2\/types\/post"}],"author":[{"embeddable":true,"href":"https:\/\/migracao.redenoticia.com.br\/noticia\/wp-json\/wp\/v2\/users\/4"}],"replies":[{"embeddable":true,"href":"https:\/\/migracao.redenoticia.com.br\/noticia\/wp-json\/wp\/v2\/comments?post=113606"}],"version-history":[{"count":0,"href":"https:\/\/migracao.redenoticia.com.br\/noticia\/wp-json\/wp\/v2\/posts\/113606\/revisions"}],"wp:featuredmedia":[{"embeddable":true,"href":"https:\/\/migracao.redenoticia.com.br\/noticia\/wp-json\/wp\/v2\/media\/105656"}],"wp:attachment":[{"href":"https:\/\/migracao.redenoticia.com.br\/noticia\/wp-json\/wp\/v2\/media?parent=113606"}],"wp:term":[{"taxonomy":"category","embeddable":true,"href":"https:\/\/migracao.redenoticia.com.br\/noticia\/wp-json\/wp\/v2\/categories?post=113606"},{"taxonomy":"post_tag","embeddable":true,"href":"https:\/\/migracao.redenoticia.com.br\/noticia\/wp-json\/wp\/v2\/tags?post=113606"}],"curies":[{"name":"wp","href":"https:\/\/api.w.org\/{rel}","templated":true}]}}