{"id":113610,"date":"2017-05-20T16:35:43","date_gmt":"2017-05-20T19:35:43","guid":{"rendered":"https:\/\/www.redenoticia.com.br\/noticia\/?p=113610"},"modified":"2017-05-20T10:36:34","modified_gmt":"2017-05-20T13:36:34","slug":"resumo-novela-chiquititas-2205-miguel-anda-pelo-orfanato-atras-de-pistas","status":"publish","type":"post","link":"https:\/\/migracao.redenoticia.com.br\/noticia\/2017\/resumo-novela-chiquititas-2205-miguel-anda-pelo-orfanato-atras-de-pistas\/113610","title":{"rendered":"Resumo novela \u201cChiquititas\u201d 22\/05: Miguel anda pelo orfanato atr\u00e1s de pistas"},"content":{"rendered":"<p><img loading=\"lazy\" decoding=\"async\" class=\"alignleft size-thumbnail wp-image-49690\" src=\"https:\/\/migracao.redenoticia.com.br\/noticia\/imagens\/chiquititas1-150x112.jpg\" alt=\"chiquititas\" width=\"150\" height=\"112\" \/><strong><em>Resumo novela \u201cChiquititas\u201d 22\/05<\/em><\/strong>: no cap\u00edtulo 180(*) da novela \u201cChiquititas\u201d, resumo de segunda-feira, 22 de maio, no acampamento de f\u00e9rias, os grupos seguem trilhas diferentes para completar a miss\u00e3o descrita no mapa que receberam. Cris filma tudo para publicar em seu blog. Matilde est\u00e1 sozinha no orfanato e aproveita para dormir no sof\u00e1. Enquanto isso, Miguel sai do por\u00e3o para dar uma volta pelas instala\u00e7\u00f5es do orfanato em busca de pistas que possam indicar quem \u00e9 seu filho (que na verdade \u00e9 Mili). Eduarda flagra Carmen colocando uma escuta escondida na bolsa de Cintia, que foi ao banheiro. Carmen explica que acha que Cintia est\u00e1 mentindo para seu irm\u00e3o, Jos\u00e9 Ricardo. Junior vai at\u00e9 a casa de Carol e conta que chegou numa conclus\u00e3o sobre os significados dos desenhos de Gabriela (que sofre de um grave bloqueio psicol\u00f3gico). Junior diz que est\u00e1 convicto que seu pai, Jos\u00e9 Ricardo, mandou matar Miguel h\u00e1 13 anos e por isso Gabriela, que era apaixonada por Miguel, est\u00e1 assim. Fernando chega e interrompe a conversa dos dois. Al\u00e9m de remexer nos quartos, Miguel tamb\u00e9m investiga a diretora do orfanato, principalmente na parte da ficha de cada crian\u00e7a. Matilde acorda com o barulho e vai at\u00e9 a diretoria. Miguel foge pela janela para n\u00e3o ser descoberto. Matilde encontra as fichas das crian\u00e7as no ch\u00e3o e fica se perguntando se algu\u00e9m entrou no orfanato. Enquanto isso, na trilha, Maria segue uma borboleta e fica impressionada ao ver homens cortando troncos de \u00e1rvores. Maria tenta levar Mili, Mosca, Binho e Dani para mostrar os homens, mas como ela n\u00e3o fala, n\u00e3o consegue convenc\u00ea-los. O outro grupo, formando por Duda, Pata, Cris e Ana, que est\u00e3o perdidos, tentam se encontrar pelo mapa. No \u00faltimo grupo, Rafa, Thiago, Vivi, Tati e Bia se assustam com um bicho e correm. Todos os grupos, em suas devidas localiza\u00e7\u00f5es, decidem montar as barracas para passar a noite.<\/p>\n<p>(*) edi\u00e7\u00e3o do SBT, Novela \u201cChiquititas\u201d, sujeito a altera\u00e7\u00e3o de data e conte\u00fado.<\/p>\n<p>Chiquititas gira em torno do orfanato Raio de Luz, que carrega em sua hist\u00f3ria um grande segredo envolvendo a fam\u00edlia e o dono do orfanato, Dr. Jos\u00e9 Ricardo Almeida Campos. Em um per\u00edodo anterior \u00e0 novela, exatos treze anos, sua filha Gabriela se apaixonou e ficou gr\u00e1vida de Miguel, filho de Valentina, empregada da casa dos Almeida Campos. Pouco depois, Jos\u00e9 Ricardo sequestrou sua neta, pois, como um homem conservador, ele n\u00e3o aceitava a ideia de que sua filha se envolvesse com um empregado. Como sua neta, Milena, apelidada como Mili, precisava de um lugar para morar, ele comprou um casar\u00e3o e fundou um orfanato, o Raio de Luz. Mili cresceu l\u00e1 com outras garotas que chegaram posteriormente: Bia, Ana, as irm\u00e3s Tati e Vivi, e Cris. Ao decorrer dos anos, elas se tornam uma fam\u00edlia. Elas s\u00e3o supervisionadas por Ernestina, zeladora do orfanato, e Chico, o cozinheiro amado pelas internas. Sofia, ex-governanta da fam\u00edlia Almeida Campos, \u00e9 a diretora do lugar, at\u00e9 que Carmem, irm\u00e3 de Jos\u00e9 Ricardo, entre em seu lugar. Chegam ainda mais \u00f3rf\u00e3os: Pata, Mosca, Binho e Rafa, que viviam nas ruas antes de entrarem na institui\u00e7\u00e3o. Pata e Mili tornam-se amigas rapidamente, enquanto Mosca, Binho e Rafa s\u00e3o os primeiros garotos a entrar no abrigo. As crian\u00e7as sem-teto foram ajudadas por uma doce e bela garota que tocam e mudam a vida delas, assim como as das garotas \u00f3rf\u00e3s.<\/p>\n","protected":false},"excerpt":{"rendered":"<p>Resumo novela \u201cChiquititas\u201d 22\/05: no cap\u00edtulo 180(*) da novela \u201cChiquititas\u201d, resumo de segunda-feira, 22 de maio, no acampamento de f\u00e9rias, os grupos seguem trilhas diferentes para completar a miss\u00e3o descrita no mapa que receberam. Cris filma tudo para publicar em seu blog. Matilde est\u00e1 sozinha no orfanato e aproveita para dormir no sof\u00e1. Enquanto isso, [&hellip;]<\/p>\n","protected":false},"author":4,"featured_media":49690,"comment_status":"closed","ping_status":"closed","sticky":false,"template":"","format":"standard","meta":{"tdm_status":"","tdm_grid_status":"","footnotes":""},"categories":[409,379,372,343],"tags":[441],"class_list":{"0":"post-113610","1":"post","2":"type-post","3":"status-publish","4":"format-standard","5":"has-post-thumbnail","7":"category-chiquititas","8":"category-novelas","9":"category-sbt","10":"category-televisao","11":"tag-resumo-do-dia"},"_links":{"self":[{"href":"https:\/\/migracao.redenoticia.com.br\/noticia\/wp-json\/wp\/v2\/posts\/113610","targetHints":{"allow":["GET"]}}],"collection":[{"href":"https:\/\/migracao.redenoticia.com.br\/noticia\/wp-json\/wp\/v2\/posts"}],"about":[{"href":"https:\/\/migracao.redenoticia.com.br\/noticia\/wp-json\/wp\/v2\/types\/post"}],"author":[{"embeddable":true,"href":"https:\/\/migracao.redenoticia.com.br\/noticia\/wp-json\/wp\/v2\/users\/4"}],"replies":[{"embeddable":true,"href":"https:\/\/migracao.redenoticia.com.br\/noticia\/wp-json\/wp\/v2\/comments?post=113610"}],"version-history":[{"count":0,"href":"https:\/\/migracao.redenoticia.com.br\/noticia\/wp-json\/wp\/v2\/posts\/113610\/revisions"}],"wp:featuredmedia":[{"embeddable":true,"href":"https:\/\/migracao.redenoticia.com.br\/noticia\/wp-json\/wp\/v2\/media\/49690"}],"wp:attachment":[{"href":"https:\/\/migracao.redenoticia.com.br\/noticia\/wp-json\/wp\/v2\/media?parent=113610"}],"wp:term":[{"taxonomy":"category","embeddable":true,"href":"https:\/\/migracao.redenoticia.com.br\/noticia\/wp-json\/wp\/v2\/categories?post=113610"},{"taxonomy":"post_tag","embeddable":true,"href":"https:\/\/migracao.redenoticia.com.br\/noticia\/wp-json\/wp\/v2\/tags?post=113610"}],"curies":[{"name":"wp","href":"https:\/\/api.w.org\/{rel}","templated":true}]}}