{"id":11365,"date":"2009-09-11T16:43:59","date_gmt":"2009-09-11T20:43:59","guid":{"rendered":"http:\/\/www.redenoticia.com.br\/noticia\/?p=11365"},"modified":"2009-09-21T17:17:36","modified_gmt":"2009-09-21T21:17:36","slug":"moda-noiva-especialista-em-imagem-e-estilo-da-dicas-de-como-nao-errar-no-visual","status":"publish","type":"post","link":"https:\/\/migracao.redenoticia.com.br\/noticia\/2009\/moda-noiva-especialista-em-imagem-e-estilo-da-dicas-de-como-nao-errar-no-visual\/11365","title":{"rendered":"Moda noiva: especialista em imagem e estilo d\u00e1 dicas de como n\u00e3o errar no visual"},"content":{"rendered":"<p><a href=\"https:\/\/migracao.redenoticia.com.br\/noticia\/imagens\/\/noiva.jpg\"><img loading=\"lazy\" decoding=\"async\" class=\"alignleft size-medium wp-image-11556\" title=\"noiva\" src=\"https:\/\/migracao.redenoticia.com.br\/noticia\/imagens\/\/noiva-249x187.jpg\" alt=\"noiva\" width=\"249\" height=\"187\" srcset=\"https:\/\/migracao.redenoticia.com.br\/noticia\/imagens\/noiva-249x187.jpg 249w, https:\/\/migracao.redenoticia.com.br\/noticia\/imagens\/noiva-250x187.jpg 250w, https:\/\/migracao.redenoticia.com.br\/noticia\/imagens\/noiva.jpg 400w, https:\/\/migracao.redenoticia.com.br\/noticia\/imagens\/noiva-150x113.jpg 150w, https:\/\/migracao.redenoticia.com.br\/noticia\/imagens\/noiva-265x198.jpg 265w, https:\/\/migracao.redenoticia.com.br\/noticia\/imagens\/noiva-149x112.jpg 149w\" sizes=\"auto, (max-width: 249px) 100vw, 249px\" \/><\/a>J\u00e1 dizia o ditado: &#8220;Casar em agosto traz desgosto&#8221;. Muitos dizem n\u00e3o acreditar nessa supersti\u00e7\u00e3o, mas as empresas que oferecem servi\u00e7os nesse segmento declaram que h\u00e1 uma queda nas vendas durante o per\u00edodo. Sendo assim, o m\u00eas de setembro passou a ser o mais procurado pelas noivas, depois de maio. N\u00e3o apenas por isso, o m\u00eas d\u00e1 in\u00edcio \u00e0 primavera, chamada esta\u00e7\u00e3o das flores, o que o torna ainda mais requisitado. E as d\u00favidas aumentam na hora de decidir pelo vestido, maquiagem, sapatos e as j\u00f3ias.\u00a0<\/p>\n<p>Pensando nisso, a consultora de imagem e estilo, Milla Mathias, d\u00e1 algumas dicas sobre o tema e refor\u00e7a: o dia do casamento \u00e9 o momento mais aguardado na vida de uma mulher, por isso, tudo deve sair perfeito, desde os m\u00ednimos detalhes.<\/p>\n<p>Dicas infal\u00edveis:<\/p>\n<p>A noiva deve saber escolher o tom do vestido que lhe cai melhor, como o branco, off white, p\u00e9rola ou marfim. A cor certa far\u00e1 com que ela tenha mais destaque.<\/p>\n<p>Casamentos no per\u00edodo da manh\u00e3 exigem um vestido menos rebuscado (mais simples), e o comprimento \u00e9 opcional. Vale apostar em um bordado mais opaco e tecidos mais leves, como organzas e crepes.<\/p>\n<p>Em casamentos durante a tarde, pode-se usar de tudo um pouco, mas com modera\u00e7\u00e3o. O vestido em si pode ser mais rebuscado, com um pouco mais de brilho e a maquiagem mais sofisticada. Entretanto, cuidado com os excessos!<\/p>\n<p>As cerim\u00f4nias \u00e0 noite podem ser mais exploradas. Abuse do brilho e os tecidos devem ser mais elaborados e encorpados. V\u00e9us compridos tornam o look da noiva mais sofisticado. Buqu\u00eas maiores, de flores naturais, tamb\u00e9m ficam bonitos.<\/p>\n<p>Maquiagem e j\u00f3ias: devem ser marcantes. Mas aten\u00e7\u00e3o! Se o vestido j\u00e1 possui bastante brilho, o ideal \u00e9 usar poucas j\u00f3ias e a maquiagem mais leve, para n\u00e3o ficar um visual muito carregado. J\u00e1 se o vestido for mais simples, requer complementos mais carregados.<br \/>\nDurante a noite, opte pelas sand\u00e1lias e\/ ou sapatos fechados.<\/p>\n<p>MILLA MATHIAS<\/p>\n<p>A consultora de imagem Milla Mathias fornece orienta\u00e7\u00f5es de moda, tais como coordena\u00e7\u00e3o de acess\u00f3rios, estilo pessoal, colora\u00e7\u00e3o, entre outras. Todas as dicas s\u00e3o fornecidas a partir de uma an\u00e1lise do bi\u00f3tipo, para que a pessoa possa estar elegante em qualquer ocasi\u00e3o. Milla tamb\u00e9m d\u00e1 dicas e no\u00e7\u00f5es de etiqueta, organiza\u00e7\u00e3o de guarda-roupa e servi\u00e7o de personal shopper.<\/p>\n","protected":false},"excerpt":{"rendered":"<p>J\u00e1 dizia o ditado: &#8220;Casar em agosto traz desgosto&#8221;. Muitos dizem n\u00e3o acreditar nessa supersti\u00e7\u00e3o, mas as empresas que oferecem servi\u00e7os nesse segmento declaram que h\u00e1 uma queda nas vendas durante o per\u00edodo. Sendo assim, o m\u00eas de setembro passou a ser o mais procurado pelas noivas, depois de maio. N\u00e3o apenas por isso, o [&hellip;]<\/p>\n","protected":false},"author":3,"featured_media":0,"comment_status":"open","ping_status":"open","sticky":false,"template":"","format":"standard","meta":{"tdm_status":"","tdm_grid_status":"","footnotes":""},"categories":[22],"tags":[],"class_list":{"0":"post-11365","1":"post","2":"type-post","3":"status-publish","4":"format-standard","6":"category-brasil"},"_links":{"self":[{"href":"https:\/\/migracao.redenoticia.com.br\/noticia\/wp-json\/wp\/v2\/posts\/11365","targetHints":{"allow":["GET"]}}],"collection":[{"href":"https:\/\/migracao.redenoticia.com.br\/noticia\/wp-json\/wp\/v2\/posts"}],"about":[{"href":"https:\/\/migracao.redenoticia.com.br\/noticia\/wp-json\/wp\/v2\/types\/post"}],"author":[{"embeddable":true,"href":"https:\/\/migracao.redenoticia.com.br\/noticia\/wp-json\/wp\/v2\/users\/3"}],"replies":[{"embeddable":true,"href":"https:\/\/migracao.redenoticia.com.br\/noticia\/wp-json\/wp\/v2\/comments?post=11365"}],"version-history":[{"count":0,"href":"https:\/\/migracao.redenoticia.com.br\/noticia\/wp-json\/wp\/v2\/posts\/11365\/revisions"}],"wp:attachment":[{"href":"https:\/\/migracao.redenoticia.com.br\/noticia\/wp-json\/wp\/v2\/media?parent=11365"}],"wp:term":[{"taxonomy":"category","embeddable":true,"href":"https:\/\/migracao.redenoticia.com.br\/noticia\/wp-json\/wp\/v2\/categories?post=11365"},{"taxonomy":"post_tag","embeddable":true,"href":"https:\/\/migracao.redenoticia.com.br\/noticia\/wp-json\/wp\/v2\/tags?post=11365"}],"curies":[{"name":"wp","href":"https:\/\/api.w.org\/{rel}","templated":true}]}}