{"id":113664,"date":"2017-05-27T00:04:45","date_gmt":"2017-05-27T03:04:45","guid":{"rendered":"https:\/\/www.redenoticia.com.br\/noticia\/?p=113664"},"modified":"2017-05-26T16:23:51","modified_gmt":"2017-05-26T19:23:51","slug":"novela-ribeirao-do-tempo-resumo-2905-querencio-vai-ate-o-casarao-de-flores","status":"publish","type":"post","link":"https:\/\/migracao.redenoticia.com.br\/noticia\/2017\/novela-ribeirao-do-tempo-resumo-2905-querencio-vai-ate-o-casarao-de-flores\/113664","title":{"rendered":"Novela \u201cRibeir\u00e3o do Tempo\u201d resumo 29\/05: Filomena coloca quadro na sala do solar"},"content":{"rendered":"<p> <img loading=\"lazy\" decoding=\"async\" src=\"https:\/\/migracao.redenoticia.com.br\/noticia\/imagens\/ribeirao_do_tempo_novela_record_resumo-150x112.jpg\" alt=\"\" width=\"150\" height=\"112\" class=\"alignleft size-thumbnail wp-image-108265\" srcset=\"https:\/\/migracao.redenoticia.com.br\/noticia\/imagens\/ribeirao_do_tempo_novela_record_resumo-150x112.jpg 150w, https:\/\/migracao.redenoticia.com.br\/noticia\/imagens\/ribeirao_do_tempo_novela_record_resumo-265x198.jpg 265w\" sizes=\"auto, (max-width: 150px) 100vw, 150px\" \/><strong><em>Novela \u201cRibeir\u00e3o do Tempo\u201d resumo 29\/05<\/em><\/strong>: no capitulo 060 (*) da novela \u201cRibeir\u00e3o do Tempo\u201d, segunda-feira, 29 de maio, Ari confessa a Nicolau que est\u00e1 preocupado por ter brigado com Quer\u00eancio, mas o senador afirma que quem manda na empresa \u00e9 Arminda, com quem ele tem as melhores rela\u00e7\u00f5es. Nicolau diz ao prefeito que quem estiver ao lado dele vai se dar bem. Filomena explica para Quer\u00eancio que Arminda falou para ela alert\u00e1-lo que Teixeira e Bruno s\u00e3o perigosos. Quer\u00eancio fala para filha que o professor Flores pode orient\u00e1-los. Filomena recebe flores de Ari em nome da cidade de Ribeir\u00e3o do Tempo. Teixeira explica para Bruno e C\u00e9lia que a reuni\u00e3o da diretoria n\u00e3o foi conclusiva. <\/p>\n<p>Com a ajuda de Elza, Filomena coloca o quadro que Quer\u00eancio pintou de Madame Durrel na sala do solar. A jovem coloca as flores que ganhou perto do quadro. C\u00e9lia diz a Teixeira que devia pedir a separa\u00e7\u00e3o, mas ele deixa claro que o momento n\u00e3o \u00e9 adequado para isso. Bruno vai conversar com Arminda, que o acusa de estar tramando contra ela. Ele se faz de ofendido e a executiva afirma que ainda n\u00e3o sabe o que ficou decidido na reuni\u00e3o. Andr\u00e9 vai at\u00e9 a reda\u00e7\u00e3o da Folha da Corredeira e diz ao pai que \u00e9 melhor ele fechar o jornal a ser s\u00f3cio de Nicolau. Lincon explica que n\u00e3o teve op\u00e7\u00e3o. Pai e filho discutem e Nicolau entra na sala de Lincon. Andr\u00e9 cumprimenta o senador, friamente, e vai embora. Andr\u00e9 pede para S\u00e9rgio pegar S\u00f4nia na casa dela e ressalta que essa vai ser a \u00faltima vez que ele vai precisar ajud\u00e1-lo. <\/p>\n<p>Autorit\u00e1rio, Nicolau afirma a Lincon que quer o acidente do avi\u00e3o na primeira p\u00e1gina da Folha da Corredeira. Newton explica a Ajuricaba que Nicolau tinha interesse em acabar com o neg\u00f3cio de Tito. O delegado afirma que essa suspeita \u00e9 absurda. Ari deixa para seu trabalho para atender Filomena. Fil\u00f3 agradece ao prefeito pelas flores e ele diz que se a jovem quiser entrar para a pol\u00edtica, garante um lugar para ela. O prefeito avisa ainda que vai programar uma homenagem para Quer\u00eancio. Alfredo e um v\u00e1rias pessoas v\u00e3o at\u00e9 a casa de Romeu com duas garrafas de cacha\u00e7a para comemorar com Quer\u00eancio a nova fase da vida dele.<\/p>\n<p>(*) edi\u00e7\u00e3o da Rede Record, Novela \u201cRibeir\u00e3o do Tempo\u201d, sujeito a altera\u00e7\u00e3o de data e conte\u00fado.<\/p>\n","protected":false},"excerpt":{"rendered":"<p>Novela \u201cRibeir\u00e3o do Tempo\u201d resumo 29\/05: no capitulo 060 (*) da novela \u201cRibeir\u00e3o do Tempo\u201d, segunda-feira, 29 de maio, Ari confessa a Nicolau que est\u00e1 preocupado por ter brigado com Quer\u00eancio, mas o senador afirma que quem manda na empresa \u00e9 Arminda, com quem ele tem as melhores rela\u00e7\u00f5es. Nicolau diz ao prefeito que quem [&hellip;]<\/p>\n","protected":false},"author":2,"featured_media":108265,"comment_status":"closed","ping_status":"closed","sticky":false,"template":"","format":"standard","meta":{"tdm_status":"","tdm_grid_status":"","footnotes":""},"categories":[379,371,343],"tags":[441],"class_list":{"0":"post-113664","1":"post","2":"type-post","3":"status-publish","4":"format-standard","5":"has-post-thumbnail","7":"category-novelas","8":"category-rede-record","9":"category-televisao","10":"tag-resumo-do-dia"},"_links":{"self":[{"href":"https:\/\/migracao.redenoticia.com.br\/noticia\/wp-json\/wp\/v2\/posts\/113664","targetHints":{"allow":["GET"]}}],"collection":[{"href":"https:\/\/migracao.redenoticia.com.br\/noticia\/wp-json\/wp\/v2\/posts"}],"about":[{"href":"https:\/\/migracao.redenoticia.com.br\/noticia\/wp-json\/wp\/v2\/types\/post"}],"author":[{"embeddable":true,"href":"https:\/\/migracao.redenoticia.com.br\/noticia\/wp-json\/wp\/v2\/users\/2"}],"replies":[{"embeddable":true,"href":"https:\/\/migracao.redenoticia.com.br\/noticia\/wp-json\/wp\/v2\/comments?post=113664"}],"version-history":[{"count":0,"href":"https:\/\/migracao.redenoticia.com.br\/noticia\/wp-json\/wp\/v2\/posts\/113664\/revisions"}],"wp:featuredmedia":[{"embeddable":true,"href":"https:\/\/migracao.redenoticia.com.br\/noticia\/wp-json\/wp\/v2\/media\/108265"}],"wp:attachment":[{"href":"https:\/\/migracao.redenoticia.com.br\/noticia\/wp-json\/wp\/v2\/media?parent=113664"}],"wp:term":[{"taxonomy":"category","embeddable":true,"href":"https:\/\/migracao.redenoticia.com.br\/noticia\/wp-json\/wp\/v2\/categories?post=113664"},{"taxonomy":"post_tag","embeddable":true,"href":"https:\/\/migracao.redenoticia.com.br\/noticia\/wp-json\/wp\/v2\/tags?post=113664"}],"curies":[{"name":"wp","href":"https:\/\/api.w.org\/{rel}","templated":true}]}}