{"id":113667,"date":"2017-05-22T16:42:00","date_gmt":"2017-05-22T19:42:00","guid":{"rendered":"https:\/\/www.redenoticia.com.br\/noticia\/?p=113667"},"modified":"2017-05-21T19:01:23","modified_gmt":"2017-05-21T22:01:23","slug":"novela-ribeirao-do-tempo-resumo-2305-carmem-se-declara-para-lincon","status":"publish","type":"post","link":"https:\/\/migracao.redenoticia.com.br\/noticia\/2017\/novela-ribeirao-do-tempo-resumo-2305-carmem-se-declara-para-lincon\/113667","title":{"rendered":"Novela \u201cRibeir\u00e3o do Tempo\u201d resumo 23\/05: Carmem se declara para Lincon"},"content":{"rendered":"<p> <img loading=\"lazy\" decoding=\"async\" src=\"https:\/\/migracao.redenoticia.com.br\/noticia\/imagens\/ribeirao_do_tempo_novela_record_resumo-150x112.jpg\" alt=\"\" width=\"150\" height=\"112\" class=\"alignleft size-thumbnail wp-image-108265\" srcset=\"https:\/\/migracao.redenoticia.com.br\/noticia\/imagens\/ribeirao_do_tempo_novela_record_resumo-150x112.jpg 150w, https:\/\/migracao.redenoticia.com.br\/noticia\/imagens\/ribeirao_do_tempo_novela_record_resumo-265x198.jpg 265w\" sizes=\"auto, (max-width: 150px) 100vw, 150px\" \/><strong><em>Novela \u201cRibeir\u00e3o do Tempo\u201d resumo 23\/05<\/em><\/strong>: no capitulo 056 (*) da novela \u201cRibeir\u00e3o do Tempo\u201d, ter\u00e7a-feira, 23 de maio, Karina est\u00e1 inconformada com o fato de Filomena ser a filha do novo patr\u00e3o de seu pai. Beatriz, Nicolau, Tito e Clor\u00eds s\u00e3o convidados para a reuni\u00e3o no solar. Karina conta a Tito que Quer\u00eancio \u00e9 o herdeiro da fortuna e deixa claro para o noivo que n\u00e3o quer que ele v\u00e1 ao evento. Diana liga para Guilherme e o consola. Eles dizem um ao outro que est\u00e3o sentindo saudades. Quer\u00eancio diz a Marisa que faz quest\u00e3o que ela v\u00e1 \u00e0 reuni\u00e3o. Ellen tenta falar com Guilherme, que n\u00e3o d\u00e1 brecha nenhuma para conversa. Filomena conta a Ellen que \u00e9 neta de Madame Durrel. <\/p>\n<p>Zuleide chega em casa com um novo corte de cabelo. Carlos aprova o visual da m\u00e3e. Teixeira revela a Bruno e C\u00e9lia que Madame Durrel deixou um documento nomeando Arminda como sua substituta na presid\u00eancia das empresas. O advogado confessa ao casal que quer destruir o documento. Tanto Bruno quanto C\u00e9lia dizem que acham que Arminda n\u00e3o tem condi\u00e7\u00e3o de presidir uma empresa de grande porte. Teixeira explica a Bruno e a C\u00e9lia que, se destruir o documento, ele pode tentar colocar o engenheiro como presidente da Patrim\u00f4nio Eterno no Brasil. O advogado deixa claro que n\u00e3o vai ser f\u00e1cil, afinal Arminda \u00e9 muito inteligente, mas garante que se tra\u00e7ar uma boa estrat\u00e9gia eles conseguem o querem. Carmem conta a Filomena que ficou arrasada ao saber que o senador se tornou s\u00f3cio da Folha da Corredeira. <\/p>\n<p>Teixeira queima o documento e brinda com Bruno e C\u00e9lia. Carmem diz a Filomena que vai dizer para Lincon que est\u00e1 a fim dele. Carmem toma coragem e, a s\u00f3s com Lincon, diz ao jornalista que est\u00e1 a fim dele e que sabe que ele a deseja. Carmem fica s\u00f3 de suti\u00e3 na frente de Lincon. O telefone toca, a jovem atende e diz a Patr\u00edcia que ela est\u00e1 tendo uma conversa importante com Lincon e que, por isso, ele n\u00e3o pode atend\u00ea-la. Patr\u00edcia amea\u00e7a ir \u00e0 reda\u00e7\u00e3o do jornal, mas Andr\u00e9 a convence a ficar em casa. Furioso, Lincon manda Carmem se vestir e demite a estagi\u00e1ria. Carmem chega em casa chorando muito. Lincon pede desculpas \u00e0 esposa pelo mal-entendido e conta que demitiu Carmem. Tito busca Karina para ir \u00e0 reuni\u00e3o. Ela hesita, mas resolve ir, depois da insist\u00eancia do noivo. Quer\u00eancio e Filomena decidem s\u00f3 aparecer na hora da leitura. Ari fica nervoso ao ver Marisa no evento. Beatriz pergunta a Nicolau o que a dan\u00e7arina est\u00e1 fazendo na reuni\u00e3o.<\/p>\n<p>(*) edi\u00e7\u00e3o da Rede Record, Novela \u201cRibeir\u00e3o do Tempo\u201d, sujeito a altera\u00e7\u00e3o de data e conte\u00fado.<\/p>\n","protected":false},"excerpt":{"rendered":"<p>Novela \u201cRibeir\u00e3o do Tempo\u201d resumo 23\/05: no capitulo 056 (*) da novela \u201cRibeir\u00e3o do Tempo\u201d, ter\u00e7a-feira, 23 de maio, Karina est\u00e1 inconformada com o fato de Filomena ser a filha do novo patr\u00e3o de seu pai. Beatriz, Nicolau, Tito e Clor\u00eds s\u00e3o convidados para a reuni\u00e3o no solar. Karina conta a Tito que Quer\u00eancio \u00e9 [&hellip;]<\/p>\n","protected":false},"author":2,"featured_media":108265,"comment_status":"closed","ping_status":"closed","sticky":false,"template":"","format":"standard","meta":{"tdm_status":"","tdm_grid_status":"","footnotes":""},"categories":[379,371,343],"tags":[441],"class_list":{"0":"post-113667","1":"post","2":"type-post","3":"status-publish","4":"format-standard","5":"has-post-thumbnail","7":"category-novelas","8":"category-rede-record","9":"category-televisao","10":"tag-resumo-do-dia"},"_links":{"self":[{"href":"https:\/\/migracao.redenoticia.com.br\/noticia\/wp-json\/wp\/v2\/posts\/113667","targetHints":{"allow":["GET"]}}],"collection":[{"href":"https:\/\/migracao.redenoticia.com.br\/noticia\/wp-json\/wp\/v2\/posts"}],"about":[{"href":"https:\/\/migracao.redenoticia.com.br\/noticia\/wp-json\/wp\/v2\/types\/post"}],"author":[{"embeddable":true,"href":"https:\/\/migracao.redenoticia.com.br\/noticia\/wp-json\/wp\/v2\/users\/2"}],"replies":[{"embeddable":true,"href":"https:\/\/migracao.redenoticia.com.br\/noticia\/wp-json\/wp\/v2\/comments?post=113667"}],"version-history":[{"count":0,"href":"https:\/\/migracao.redenoticia.com.br\/noticia\/wp-json\/wp\/v2\/posts\/113667\/revisions"}],"wp:featuredmedia":[{"embeddable":true,"href":"https:\/\/migracao.redenoticia.com.br\/noticia\/wp-json\/wp\/v2\/media\/108265"}],"wp:attachment":[{"href":"https:\/\/migracao.redenoticia.com.br\/noticia\/wp-json\/wp\/v2\/media?parent=113667"}],"wp:term":[{"taxonomy":"category","embeddable":true,"href":"https:\/\/migracao.redenoticia.com.br\/noticia\/wp-json\/wp\/v2\/categories?post=113667"},{"taxonomy":"post_tag","embeddable":true,"href":"https:\/\/migracao.redenoticia.com.br\/noticia\/wp-json\/wp\/v2\/tags?post=113667"}],"curies":[{"name":"wp","href":"https:\/\/api.w.org\/{rel}","templated":true}]}}